{"id":7969,"date":"2023-01-15T20:18:40","date_gmt":"2023-01-15T19:18:40","guid":{"rendered":"https:\/\/catholiques17.fr\/saintbernardenaunis\/?p=7969"},"modified":"2023-01-15T20:31:46","modified_gmt":"2023-01-15T19:31:46","slug":"messe-des-familles-3","status":"publish","type":"post","link":"https:\/\/catholiques17.fr\/saintbernardenaunis\/2023\/01\/15\/messe-des-familles-3\/","title":{"rendered":"Messe des familles"},"content":{"rendered":"\n<p><strong>Les \u00e9quipes liturgiques et les cat\u00e9chistes ont pr\u00e9par\u00e9 la messe des familles c\u00e9l\u00e9br\u00e9e en ce dimanche 15 janvier \u00e0 St Jean de Liversay. <\/strong><br>Les enfants du cat\u00e9 \u00e9taient pr\u00e9sents avec leurs parents et ont ainsi pu particip\u00e9 \u00e0 l&rsquo;animation de la messe avec l&rsquo;entr\u00e9e en procession mais aussi la procession des offrandes ou encore le Notre P\u00e8re chant\u00e9 avec tous les enfants rassembl\u00e9s derri\u00e8re l&rsquo;autel avec le p\u00e8re et se tenant la main.<\/p>\n\n\n\n<p><\/p>\n\n\n\n<figure class=\"wp-block-image aligncenter size-full is-resized\"><img loading=\"lazy\" decoding=\"async\" src=\"https:\/\/catholiques17.fr\/saintbernardenaunis\/wp-content\/uploads\/sites\/13\/2023\/01\/002.jpg\" alt=\"\" class=\"wp-image-7974\" width=\"385\" height=\"512\" \/><\/figure>\n\n\n\n<p><\/p>\n\n\n\n<p>A la fin de la c\u00e9l\u00e9bration, Jade, Irina et Na\u00eblle ont fait leur 2<sup>\u00e8me<\/sup> \u00e9tape de pr\u00e9paration au bapt\u00eame et se sont vues remettre le Nouveau Testament. Toute la communaut\u00e9 leur souhaite un beau chemin de pr\u00e9paration vers le bapt\u00eame. Un beau clin d&rsquo;oeil en lien avec la liturgie qui \u00e9voquait le bapt\u00eame de J\u00e9sus.<\/p>\n\n\n\n<p>Un grand merci aux enfants, aux jeunes et \u00e0 tous ceux qui \u00e9taient pr\u00e9sents et qui, par leurs chants et leurs pri\u00e8res, ont fait de cette c\u00e9l\u00e9bration un dimanche de joie et de partage.<\/p>\n\n\n\n<p>La prochaine messe des familles aura lieu le 26 mars \u00e0 St Jean de Liversay.<\/p>\n","protected":false},"excerpt":{"rendered":"<p>Les \u00e9quipes liturgiques et les cat\u00e9chistes ont pr\u00e9par\u00e9 la messe des familles c\u00e9l\u00e9br\u00e9e en ce dimanche 15 janvier \u00e0 St Jean de Liversay. Les enfants du cat\u00e9 \u00e9taient pr\u00e9sents avec [&hellip;]<\/p>\n","protected":false},"author":18,"featured_media":7972,"comment_status":"open","ping_status":"open","sticky":false,"template":"","format":"standard","meta":{"_et_pb_use_builder":"off","_et_pb_old_content":"","_et_gb_content_width":"","footnotes":""},"categories":[6],"tags":[],"class_list":["post-7969","post","type-post","status-publish","format-standard","has-post-thumbnail","hentry","category-actualite"],"_links":{"self":[{"href":"https:\/\/catholiques17.fr\/saintbernardenaunis\/wp-json\/wp\/v2\/posts\/7969","targetHints":{"allow":["GET"]}}],"collection":[{"href":"https:\/\/catholiques17.fr\/saintbernardenaunis\/wp-json\/wp\/v2\/posts"}],"about":[{"href":"https:\/\/catholiques17.fr\/saintbernardenaunis\/wp-json\/wp\/v2\/types\/post"}],"author":[{"embeddable":true,"href":"https:\/\/catholiques17.fr\/saintbernardenaunis\/wp-json\/wp\/v2\/users\/18"}],"replies":[{"embeddable":true,"href":"https:\/\/catholiques17.fr\/saintbernardenaunis\/wp-json\/wp\/v2\/comments?post=7969"}],"version-history":[{"count":6,"href":"https:\/\/catholiques17.fr\/saintbernardenaunis\/wp-json\/wp\/v2\/posts\/7969\/revisions"}],"predecessor-version":[{"id":7983,"href":"https:\/\/catholiques17.fr\/saintbernardenaunis\/wp-json\/wp\/v2\/posts\/7969\/revisions\/7983"}],"wp:featuredmedia":[{"embeddable":true,"href":"https:\/\/catholiques17.fr\/saintbernardenaunis\/wp-json\/wp\/v2\/media\/7972"}],"wp:attachment":[{"href":"https:\/\/catholiques17.fr\/saintbernardenaunis\/wp-json\/wp\/v2\/media?parent=7969"}],"wp:term":[{"taxonomy":"category","embeddable":true,"href":"https:\/\/catholiques17.fr\/saintbernardenaunis\/wp-json\/wp\/v2\/categories?post=7969"},{"taxonomy":"post_tag","embeddable":true,"href":"https:\/\/catholiques17.fr\/saintbernardenaunis\/wp-json\/wp\/v2\/tags?post=7969"}],"curies":[{"name":"wp","href":"https:\/\/api.w.org\/{rel}","templated":true}]}}