{"id":7941,"date":"2022-12-25T12:08:53","date_gmt":"2022-12-25T11:08:53","guid":{"rendered":"https:\/\/catholiques17.fr\/saintbernardenaunis\/?p=7941"},"modified":"2022-12-25T12:13:59","modified_gmt":"2022-12-25T11:13:59","slug":"joyeux-noel","status":"publish","type":"post","link":"https:\/\/catholiques17.fr\/saintbernardenaunis\/2022\/12\/25\/joyeux-noel\/","title":{"rendered":"JOYEUX NOEL !"},"content":{"rendered":"\n<p>Une tr\u00e8s belle c\u00e9l\u00e9bration en l&rsquo;\u00e9glise de St Jean de Liversay pour la nuit de No\u00ebl.<\/p>\n\n\n\n<p>Lors de la veill\u00e9e, les 4 anges de l&rsquo;Avent sont venus nous visiter. Ils sont quatre, comme les quatre semaines qui nous pr\u00e9parent \u00e0 No\u00ebl. Ils viennent en visite sur terre, portant des v\u00eatements d&rsquo;une couleur diff\u00e9rente, chacun d&rsquo;entre eux repr\u00e9sente une qualit\u00e9 particuli\u00e8re.<\/p>\n\n\n\n<figure class=\"wp-block-image aligncenter size-full is-resized\"><img loading=\"lazy\" decoding=\"async\" src=\"https:\/\/catholiques17.fr\/saintbernardenaunis\/wp-content\/uploads\/sites\/13\/2022\/12\/11-2.jpg\" alt=\"\" class=\"wp-image-7942\" width=\"507\" height=\"381\" srcset=\"https:\/\/catholiques17.fr\/saintbernardenaunis\/wp-content\/uploads\/sites\/13\/2022\/12\/11-2.jpg 507w, https:\/\/catholiques17.fr\/saintbernardenaunis\/wp-content\/uploads\/sites\/13\/2022\/12\/11-2-480x361.jpg 480w\" sizes=\"(min-width: 0px) and (max-width: 480px) 480px, (min-width: 481px) 507px, 100vw\" \/><\/figure>\n\n\n\n<p>L&rsquo;Ange Bleu. Au cours de la premi\u00e8re semaine, un grand ange descend du ciel pour inviter les hommes \u00e0 se pr\u00e9parer pour No\u00ebl. Il est habill\u00e9 avec une grande cape bleue, tiss\u00e9 de silence et de paix. Le bleu de sa cape repr\u00e9sente justement le silence et le recueillement.<\/p>\n\n\n\n<p>L&rsquo;Ange Rouge. Au cours de la deuxi\u00e8me semaine, un ange avec une cape rouge descend du ciel, portant de sa main gauche un panier vide. Le panier est tiss\u00e9 de rayons de soleil et ne peut contenir que ce qui est l\u00e9ger et d\u00e9licat. L&rsquo;Ange rouge passe sur toutes les maisons et cherche, regarde dans le c\u0153ur de tous les hommes, pour voir s&rsquo;il trouve un peu d&rsquo;amour&#8230; S&rsquo;il le trouve, le prend et le met dans le panier et le porte haut, dans le ciel &#8211; quoi ? Et l\u00e0-Haut, les \u00e2mes de tous ceux qui sont enterr\u00e9s sur terre et tous les anges prennent cet amour et en font la lumi\u00e8re pour les \u00e9toiles. Le rouge de sa cape repr\u00e9sente l&rsquo;amour.<\/p>\n\n\n\n<p>L&rsquo;Ange Blanc. Dans la troisi\u00e8me semaine, un ange blanc et lumineux descend sur terre. Il tient un rayon de soleil dans sa main droite. Il va vers les hommes qui gardent au c\u0153ur l&rsquo;amour et les touche avec son rayon de lumi\u00e8re. Ils se sentent heureux parce que dans l&rsquo;hiver froid et sombre, ils sont illumin\u00e9s et \u00e9clair\u00e9s. Le soleil brille dans leurs yeux, enveloppe leurs mains, leurs pieds et tout le corps. M\u00eame les plus pauvres et les humbles sont ainsi transform\u00e9s et ressemblent aux anges, parce qu&rsquo;ils ont l&rsquo;amour dans le c\u0153ur. Seuls ceux qui ont l&rsquo;amour dans le c\u0153ur peuvent voir l&rsquo;ange blanc&#8230; le blanc est le symbole de la lumi\u00e8re et brille dans le c\u0153ur de ceux qui croient.<\/p>\n\n\n\n<p>L&rsquo;Ange Violet. Dans la quatri\u00e8me et derni\u00e8re semaine de l&rsquo;Avent, un ange avec une cape violette appara\u00eet dans le ciel. L&rsquo;Ange violet passe sur toute la terre en tenant avec son bras gauche une cithare d&rsquo;or. C&rsquo;est bient\u00f4t l&rsquo;arriv\u00e9e du Seigneur. La couleur violette est form\u00e9e par l&rsquo;union du bleu et du rouge, donc sa cape repr\u00e9sente l&rsquo;amour v\u00e9ritable et profond, qui na\u00eet quand on est silencieux et que l&rsquo;on \u00e9coute la voix du Seigneur en nous.<\/p>\n\n\n\n<p>Apr\u00e8s la veill\u00e9e, la c\u00e9l\u00e9bration de la messe s&rsquo;est poursuivie accompagn\u00e9e d&rsquo;instruments \u00e0 vents et de l&rsquo;orgue pour accueillir l&rsquo;Enfant J\u00e9sus au c\u0153ur de la cr\u00e8che sur le Gloire \u00e0 Dieu entonn\u00e9 par l&rsquo;assembl\u00e9e, nombreuse, en ce jour de f\u00eate.<\/p>\n\n\n\n<p>Un beau moment de partage qui s&rsquo;est conclu par un joyeux \u00ab\u00a0il est n\u00e9 le divin Enfant\u00a0\u00bb avec le P\u00e8re Alphonse qui avait mis son bonnet de No\u00ebl pour partager la joie et la bonne nouvelle avec tous les fid\u00e8les.<\/p>\n\n\n\n<p>Merci \u00e0 toutes celles et ceux qui ont pr\u00e9par\u00e9 et anim\u00e9 cette belle messe de No\u00ebl.<\/p>\n\n\n\n<figure class=\"wp-block-gallery has-nested-images columns-default is-cropped wp-block-gallery-1 is-layout-flex wp-block-gallery-is-layout-flex\">\n<figure class=\"wp-block-image size-large\"><img loading=\"lazy\" decoding=\"async\" width=\"800\" height=\"601\" data-id=\"7947\" src=\"https:\/\/catholiques17.fr\/saintbernardenaunis\/wp-content\/uploads\/sites\/13\/2022\/12\/12.jpg\" alt=\"\" class=\"wp-image-7947\" srcset=\"https:\/\/catholiques17.fr\/saintbernardenaunis\/wp-content\/uploads\/sites\/13\/2022\/12\/12.jpg 800w, https:\/\/catholiques17.fr\/saintbernardenaunis\/wp-content\/uploads\/sites\/13\/2022\/12\/12-480x361.jpg 480w\" sizes=\"(min-width: 0px) and (max-width: 480px) 480px, (min-width: 481px) 800px, 100vw\" \/><\/figure>\n\n\n\n<figure class=\"wp-block-image size-large\"><img loading=\"lazy\" decoding=\"async\" width=\"605\" height=\"760\" data-id=\"7946\" src=\"https:\/\/catholiques17.fr\/saintbernardenaunis\/wp-content\/uploads\/sites\/13\/2022\/12\/14.jpg\" alt=\"\" class=\"wp-image-7946\" srcset=\"https:\/\/catholiques17.fr\/saintbernardenaunis\/wp-content\/uploads\/sites\/13\/2022\/12\/14.jpg 605w, https:\/\/catholiques17.fr\/saintbernardenaunis\/wp-content\/uploads\/sites\/13\/2022\/12\/14-480x603.jpg 480w\" sizes=\"(min-width: 0px) and (max-width: 480px) 480px, (min-width: 481px) 605px, 100vw\" \/><\/figure>\n\n\n\n<figure class=\"wp-block-image size-large\"><img loading=\"lazy\" decoding=\"async\" width=\"601\" height=\"800\" data-id=\"7948\" src=\"https:\/\/catholiques17.fr\/saintbernardenaunis\/wp-content\/uploads\/sites\/13\/2022\/12\/15.jpg\" alt=\"\" class=\"wp-image-7948\" srcset=\"https:\/\/catholiques17.fr\/saintbernardenaunis\/wp-content\/uploads\/sites\/13\/2022\/12\/15.jpg 601w, https:\/\/catholiques17.fr\/saintbernardenaunis\/wp-content\/uploads\/sites\/13\/2022\/12\/15-480x639.jpg 480w\" sizes=\"(min-width: 0px) and (max-width: 480px) 480px, (min-width: 481px) 601px, 100vw\" \/><\/figure>\n<\/figure>\n","protected":false},"excerpt":{"rendered":"<p>Une tr\u00e8s belle c\u00e9l\u00e9bration en l&rsquo;\u00e9glise de St Jean de Liversay pour la nuit de No\u00ebl. Lors de la veill\u00e9e, les 4 anges de l&rsquo;Avent sont venus nous visiter. Ils [&hellip;]<\/p>\n","protected":false},"author":18,"featured_media":7944,"comment_status":"open","ping_status":"open","sticky":false,"template":"","format":"standard","meta":{"_et_pb_use_builder":"off","_et_pb_old_content":"","_et_gb_content_width":"","footnotes":""},"categories":[6],"tags":[],"class_list":["post-7941","post","type-post","status-publish","format-standard","has-post-thumbnail","hentry","category-actualite"],"_links":{"self":[{"href":"https:\/\/catholiques17.fr\/saintbernardenaunis\/wp-json\/wp\/v2\/posts\/7941","targetHints":{"allow":["GET"]}}],"collection":[{"href":"https:\/\/catholiques17.fr\/saintbernardenaunis\/wp-json\/wp\/v2\/posts"}],"about":[{"href":"https:\/\/catholiques17.fr\/saintbernardenaunis\/wp-json\/wp\/v2\/types\/post"}],"author":[{"embeddable":true,"href":"https:\/\/catholiques17.fr\/saintbernardenaunis\/wp-json\/wp\/v2\/users\/18"}],"replies":[{"embeddable":true,"href":"https:\/\/catholiques17.fr\/saintbernardenaunis\/wp-json\/wp\/v2\/comments?post=7941"}],"version-history":[{"count":4,"href":"https:\/\/catholiques17.fr\/saintbernardenaunis\/wp-json\/wp\/v2\/posts\/7941\/revisions"}],"predecessor-version":[{"id":7951,"href":"https:\/\/catholiques17.fr\/saintbernardenaunis\/wp-json\/wp\/v2\/posts\/7941\/revisions\/7951"}],"wp:featuredmedia":[{"embeddable":true,"href":"https:\/\/catholiques17.fr\/saintbernardenaunis\/wp-json\/wp\/v2\/media\/7944"}],"wp:attachment":[{"href":"https:\/\/catholiques17.fr\/saintbernardenaunis\/wp-json\/wp\/v2\/media?parent=7941"}],"wp:term":[{"taxonomy":"category","embeddable":true,"href":"https:\/\/catholiques17.fr\/saintbernardenaunis\/wp-json\/wp\/v2\/categories?post=7941"},{"taxonomy":"post_tag","embeddable":true,"href":"https:\/\/catholiques17.fr\/saintbernardenaunis\/wp-json\/wp\/v2\/tags?post=7941"}],"curies":[{"name":"wp","href":"https:\/\/api.w.org\/{rel}","templated":true}]}}