{"id":7770,"date":"2022-12-11T20:40:17","date_gmt":"2022-12-11T19:40:17","guid":{"rendered":"https:\/\/catholiques17.fr\/saintbernardenaunis\/?p=7770"},"modified":"2022-12-11T20:41:12","modified_gmt":"2022-12-11T19:41:12","slug":"le-temps-de-lavent-ca-se-passe-comme-ca-au-sein-de-notre-paroisse","status":"publish","type":"post","link":"https:\/\/catholiques17.fr\/saintbernardenaunis\/2022\/12\/11\/le-temps-de-lavent-ca-se-passe-comme-ca-au-sein-de-notre-paroisse\/","title":{"rendered":"Le temps de l&rsquo;Avent &#8230; \u00e7a se passe comme \u00e7a au sein de notre paroisse !"},"content":{"rendered":"\n<p>Un temps pour nous  pr\u00e9parer \u00e0 accueillir la naissance de l&rsquo;Enfant J\u00e9sus. Un temps riche en rencontres et en solidarit\u00e9 au sein de notre paroisse.<\/p>\n\n\n\n<p>Ainsi, Pierre-Yves a fait une pr\u00e9sentation de son voyage annuel humanitaire \u00e0 Madagascar.<\/p>\n\n\n\n<p><\/p>\n\n\n\n<figure class=\"wp-block-gallery has-nested-images columns-default is-cropped wp-block-gallery-1 is-layout-flex wp-block-gallery-is-layout-flex\">\n<figure class=\"wp-block-image size-large\"><img loading=\"lazy\" decoding=\"async\" width=\"605\" height=\"272\" data-id=\"7772\" src=\"https:\/\/catholiques17.fr\/saintbernardenaunis\/wp-content\/uploads\/sites\/13\/2022\/12\/66-2.jpg\" alt=\"\" class=\"wp-image-7772\" srcset=\"https:\/\/catholiques17.fr\/saintbernardenaunis\/wp-content\/uploads\/sites\/13\/2022\/12\/66-2.jpg 605w, https:\/\/catholiques17.fr\/saintbernardenaunis\/wp-content\/uploads\/sites\/13\/2022\/12\/66-2-480x216.jpg 480w\" sizes=\"(min-width: 0px) and (max-width: 480px) 480px, (min-width: 481px) 605px, 100vw\" \/><\/figure>\n\n\n\n<figure class=\"wp-block-image size-large\"><img loading=\"lazy\" decoding=\"async\" width=\"605\" height=\"272\" data-id=\"7773\" src=\"https:\/\/catholiques17.fr\/saintbernardenaunis\/wp-content\/uploads\/sites\/13\/2022\/12\/77-1.jpg\" alt=\"\" class=\"wp-image-7773\" srcset=\"https:\/\/catholiques17.fr\/saintbernardenaunis\/wp-content\/uploads\/sites\/13\/2022\/12\/77-1.jpg 605w, https:\/\/catholiques17.fr\/saintbernardenaunis\/wp-content\/uploads\/sites\/13\/2022\/12\/77-1-480x216.jpg 480w\" sizes=\"(min-width: 0px) and (max-width: 480px) 480px, (min-width: 481px) 605px, 100vw\" \/><\/figure>\n<\/figure>\n\n\n\n<p><\/p>\n\n\n\n<p>Les enfants, de leur c\u00f4t\u00e9, ont pr\u00e9par\u00e9 la cr\u00e8che \u00e0 Taugon qui accueillera l&rsquo;Enfant J\u00e9sus. Un beau moment entre petits et grands et tous les personnages de la cr\u00e8che ont pris place : le b\u0153uf, l&rsquo;\u00e2ne, Marie, Joseph, les bergers, les moutons &#8230;<\/p>\n\n\n\n<p><\/p>\n\n\n\n<figure class=\"wp-block-gallery has-nested-images columns-default is-cropped wp-block-gallery-2 is-layout-flex wp-block-gallery-is-layout-flex\">\n<figure class=\"wp-block-image size-large\"><img loading=\"lazy\" decoding=\"async\" width=\"605\" height=\"272\" data-id=\"7774\" src=\"https:\/\/catholiques17.fr\/saintbernardenaunis\/wp-content\/uploads\/sites\/13\/2022\/12\/11-1.jpg\" alt=\"\" class=\"wp-image-7774\" srcset=\"https:\/\/catholiques17.fr\/saintbernardenaunis\/wp-content\/uploads\/sites\/13\/2022\/12\/11-1.jpg 605w, https:\/\/catholiques17.fr\/saintbernardenaunis\/wp-content\/uploads\/sites\/13\/2022\/12\/11-1-480x216.jpg 480w\" sizes=\"(min-width: 0px) and (max-width: 480px) 480px, (min-width: 481px) 605px, 100vw\" \/><\/figure>\n\n\n\n<figure class=\"wp-block-image size-large\"><img loading=\"lazy\" decoding=\"async\" width=\"605\" height=\"272\" data-id=\"7776\" src=\"https:\/\/catholiques17.fr\/saintbernardenaunis\/wp-content\/uploads\/sites\/13\/2022\/12\/22.jpg\" alt=\"\" class=\"wp-image-7776\" srcset=\"https:\/\/catholiques17.fr\/saintbernardenaunis\/wp-content\/uploads\/sites\/13\/2022\/12\/22.jpg 605w, https:\/\/catholiques17.fr\/saintbernardenaunis\/wp-content\/uploads\/sites\/13\/2022\/12\/22-480x216.jpg 480w\" sizes=\"(min-width: 0px) and (max-width: 480px) 480px, (min-width: 481px) 605px, 100vw\" \/><\/figure>\n\n\n\n<figure class=\"wp-block-image size-large\"><img loading=\"lazy\" decoding=\"async\" width=\"605\" height=\"272\" data-id=\"7777\" src=\"https:\/\/catholiques17.fr\/saintbernardenaunis\/wp-content\/uploads\/sites\/13\/2022\/12\/33-1.jpg\" alt=\"\" class=\"wp-image-7777\" srcset=\"https:\/\/catholiques17.fr\/saintbernardenaunis\/wp-content\/uploads\/sites\/13\/2022\/12\/33-1.jpg 605w, https:\/\/catholiques17.fr\/saintbernardenaunis\/wp-content\/uploads\/sites\/13\/2022\/12\/33-1-480x216.jpg 480w\" sizes=\"(min-width: 0px) and (max-width: 480px) 480px, (min-width: 481px) 605px, 100vw\" \/><\/figure>\n\n\n\n<figure class=\"wp-block-image size-large\"><img loading=\"lazy\" decoding=\"async\" width=\"605\" height=\"272\" data-id=\"7775\" src=\"https:\/\/catholiques17.fr\/saintbernardenaunis\/wp-content\/uploads\/sites\/13\/2022\/12\/44-1.jpg\" alt=\"\" class=\"wp-image-7775\" srcset=\"https:\/\/catholiques17.fr\/saintbernardenaunis\/wp-content\/uploads\/sites\/13\/2022\/12\/44-1.jpg 605w, https:\/\/catholiques17.fr\/saintbernardenaunis\/wp-content\/uploads\/sites\/13\/2022\/12\/44-1-480x216.jpg 480w\" sizes=\"(min-width: 0px) and (max-width: 480px) 480px, (min-width: 481px) 605px, 100vw\" \/><\/figure>\n\n\n\n<figure class=\"wp-block-image size-large\"><img loading=\"lazy\" decoding=\"async\" width=\"605\" height=\"272\" data-id=\"7778\" src=\"https:\/\/catholiques17.fr\/saintbernardenaunis\/wp-content\/uploads\/sites\/13\/2022\/12\/55-1.jpg\" alt=\"\" class=\"wp-image-7778\" srcset=\"https:\/\/catholiques17.fr\/saintbernardenaunis\/wp-content\/uploads\/sites\/13\/2022\/12\/55-1.jpg 605w, https:\/\/catholiques17.fr\/saintbernardenaunis\/wp-content\/uploads\/sites\/13\/2022\/12\/55-1-480x216.jpg 480w\" sizes=\"(min-width: 0px) and (max-width: 480px) 480px, (min-width: 481px) 605px, 100vw\" \/><\/figure>\n<\/figure>\n\n\n\n<p><\/p>\n\n\n\n<p>Merci \u00e0 toutes celles et ceux qui pr\u00e9parent et contribuent \u00e0 ces moments de partage.<\/p>\n","protected":false},"excerpt":{"rendered":"<p>Un temps pour nous pr\u00e9parer \u00e0 accueillir la naissance de l&rsquo;Enfant J\u00e9sus. Un temps riche en rencontres et en solidarit\u00e9 au sein de notre paroisse. Ainsi, Pierre-Yves a fait une [&hellip;]<\/p>\n","protected":false},"author":18,"featured_media":7775,"comment_status":"open","ping_status":"open","sticky":false,"template":"","format":"standard","meta":{"_et_pb_use_builder":"off","_et_pb_old_content":"","_et_gb_content_width":"","footnotes":""},"categories":[6],"tags":[],"class_list":["post-7770","post","type-post","status-publish","format-standard","has-post-thumbnail","hentry","category-actualite"],"_links":{"self":[{"href":"https:\/\/catholiques17.fr\/saintbernardenaunis\/wp-json\/wp\/v2\/posts\/7770","targetHints":{"allow":["GET"]}}],"collection":[{"href":"https:\/\/catholiques17.fr\/saintbernardenaunis\/wp-json\/wp\/v2\/posts"}],"about":[{"href":"https:\/\/catholiques17.fr\/saintbernardenaunis\/wp-json\/wp\/v2\/types\/post"}],"author":[{"embeddable":true,"href":"https:\/\/catholiques17.fr\/saintbernardenaunis\/wp-json\/wp\/v2\/users\/18"}],"replies":[{"embeddable":true,"href":"https:\/\/catholiques17.fr\/saintbernardenaunis\/wp-json\/wp\/v2\/comments?post=7770"}],"version-history":[{"count":1,"href":"https:\/\/catholiques17.fr\/saintbernardenaunis\/wp-json\/wp\/v2\/posts\/7770\/revisions"}],"predecessor-version":[{"id":7779,"href":"https:\/\/catholiques17.fr\/saintbernardenaunis\/wp-json\/wp\/v2\/posts\/7770\/revisions\/7779"}],"wp:featuredmedia":[{"embeddable":true,"href":"https:\/\/catholiques17.fr\/saintbernardenaunis\/wp-json\/wp\/v2\/media\/7775"}],"wp:attachment":[{"href":"https:\/\/catholiques17.fr\/saintbernardenaunis\/wp-json\/wp\/v2\/media?parent=7770"}],"wp:term":[{"taxonomy":"category","embeddable":true,"href":"https:\/\/catholiques17.fr\/saintbernardenaunis\/wp-json\/wp\/v2\/categories?post=7770"},{"taxonomy":"post_tag","embeddable":true,"href":"https:\/\/catholiques17.fr\/saintbernardenaunis\/wp-json\/wp\/v2\/tags?post=7770"}],"curies":[{"name":"wp","href":"https:\/\/api.w.org\/{rel}","templated":true}]}}