{"id":7754,"date":"2022-12-11T20:07:27","date_gmt":"2022-12-11T19:07:27","guid":{"rendered":"https:\/\/catholiques17.fr\/saintbernardenaunis\/?p=7754"},"modified":"2022-12-11T20:41:51","modified_gmt":"2022-12-11T19:41:51","slug":"3eme-dimanche-de-lavent","status":"publish","type":"post","link":"https:\/\/catholiques17.fr\/saintbernardenaunis\/2022\/12\/11\/3eme-dimanche-de-lavent\/","title":{"rendered":"3\u00e8me dimanche de l&rsquo;Avent, dimanche de la Joie !"},"content":{"rendered":"\n<p class=\"has-black-color has-text-color\">Une belle c\u00e9l\u00e9bration \u00e0 l&rsquo;occasion de ce 3\u00e8me dimanche de l&rsquo;Avent.<\/p>\n\n\n\n<p class=\"has-black-color has-text-color\">Les enfants de l&rsquo;Eveil \u00e0 la Foi \u00e9taient pr\u00e9sents au d\u00e9but de la messe avant de rejoindre la maison paroissiale pour une animation autour de l&rsquo;Avent, chemin vers No\u00ebl. Les enfants du cat\u00e9 \u00e9taient \u00e9galement pr\u00e9sents pour le 1er temps fort, celui de l&rsquo;accueil, qui les conduira jusqu&rsquo; \u00e0 leur 1\u00e8re communion en mai prochain. Apr\u00e8s avoir assist\u00e9 au Temps de l&rsquo;Accueil, ils sont partis \u00e0 la maison paroissiale pour une activit\u00e9 pr\u00e9par\u00e9e par les cat\u00e9chistes.<\/p>\n\n\n\n<p class=\"has-black-color has-text-color\">Enfin, Emmanuelle, en chemin de cat\u00e9chum\u00e9nat a re\u00e7u le sacrement du <strong>Bapt\u00eame<\/strong> puis le sacrement de <strong>l&rsquo;Eucharistie<\/strong> en communiant au Corps et au Sang du Christ pour la toute 1\u00e8re fois. Elle est ainsi devenue Enfant de Dieu et comme nous l&rsquo;a dit le P\u00e8re Alphonse, elle a eu un 3\u00e8me sacrement \u00ab\u00a0gratuit\u00a0\u00bb celui de la <strong>R\u00e9conciliation<\/strong> ! Un beau moment o\u00f9 toute la communaut\u00e9 a entour\u00e9 Emmanuelle et a partag\u00e9 cette JOIE si pr\u00e9sente pour ce 3\u00e8me dimanche de l&rsquo;Avent.<\/p>\n\n\n\n<p><\/p>\n\n\n\n<figure class=\"wp-block-gallery has-nested-images columns-default is-cropped wp-block-gallery-1 is-layout-flex wp-block-gallery-is-layout-flex\">\n<figure class=\"wp-block-image size-large\"><img loading=\"lazy\" decoding=\"async\" width=\"800\" height=\"601\" data-id=\"7760\" src=\"https:\/\/catholiques17.fr\/saintbernardenaunis\/wp-content\/uploads\/sites\/13\/2022\/12\/11.jpg\" alt=\"\" class=\"wp-image-7760\" srcset=\"https:\/\/catholiques17.fr\/saintbernardenaunis\/wp-content\/uploads\/sites\/13\/2022\/12\/11.jpg 800w, https:\/\/catholiques17.fr\/saintbernardenaunis\/wp-content\/uploads\/sites\/13\/2022\/12\/11-480x361.jpg 480w\" sizes=\"(min-width: 0px) and (max-width: 480px) 480px, (min-width: 481px) 800px, 100vw\" \/><\/figure>\n\n\n\n<figure class=\"wp-block-image size-large\"><img loading=\"lazy\" decoding=\"async\" width=\"684\" height=\"800\" data-id=\"7761\" src=\"https:\/\/catholiques17.fr\/saintbernardenaunis\/wp-content\/uploads\/sites\/13\/2022\/12\/33.jpg\" alt=\"\" class=\"wp-image-7761\" srcset=\"https:\/\/catholiques17.fr\/saintbernardenaunis\/wp-content\/uploads\/sites\/13\/2022\/12\/33.jpg 684w, https:\/\/catholiques17.fr\/saintbernardenaunis\/wp-content\/uploads\/sites\/13\/2022\/12\/33-480x561.jpg 480w\" sizes=\"(min-width: 0px) and (max-width: 480px) 480px, (min-width: 481px) 684px, 100vw\" \/><\/figure>\n\n\n\n<figure class=\"wp-block-image size-large\"><img loading=\"lazy\" decoding=\"async\" width=\"600\" height=\"800\" data-id=\"7758\" src=\"https:\/\/catholiques17.fr\/saintbernardenaunis\/wp-content\/uploads\/sites\/13\/2022\/12\/44.jpg\" alt=\"\" class=\"wp-image-7758\" srcset=\"https:\/\/catholiques17.fr\/saintbernardenaunis\/wp-content\/uploads\/sites\/13\/2022\/12\/44.jpg 600w, https:\/\/catholiques17.fr\/saintbernardenaunis\/wp-content\/uploads\/sites\/13\/2022\/12\/44-480x640.jpg 480w\" sizes=\"(min-width: 0px) and (max-width: 480px) 480px, (min-width: 481px) 600px, 100vw\" \/><\/figure>\n\n\n\n<figure class=\"wp-block-image size-large\"><img loading=\"lazy\" decoding=\"async\" width=\"800\" height=\"601\" data-id=\"7764\" src=\"https:\/\/catholiques17.fr\/saintbernardenaunis\/wp-content\/uploads\/sites\/13\/2022\/12\/55.jpg\" alt=\"\" class=\"wp-image-7764\" srcset=\"https:\/\/catholiques17.fr\/saintbernardenaunis\/wp-content\/uploads\/sites\/13\/2022\/12\/55.jpg 800w, https:\/\/catholiques17.fr\/saintbernardenaunis\/wp-content\/uploads\/sites\/13\/2022\/12\/55-480x361.jpg 480w\" sizes=\"(min-width: 0px) and (max-width: 480px) 480px, (min-width: 481px) 800px, 100vw\" \/><\/figure>\n\n\n\n<figure class=\"wp-block-image size-large\"><img loading=\"lazy\" decoding=\"async\" width=\"601\" height=\"800\" data-id=\"7759\" src=\"https:\/\/catholiques17.fr\/saintbernardenaunis\/wp-content\/uploads\/sites\/13\/2022\/12\/66.jpg\" alt=\"\" class=\"wp-image-7759\" srcset=\"https:\/\/catholiques17.fr\/saintbernardenaunis\/wp-content\/uploads\/sites\/13\/2022\/12\/66.jpg 601w, https:\/\/catholiques17.fr\/saintbernardenaunis\/wp-content\/uploads\/sites\/13\/2022\/12\/66-480x639.jpg 480w\" sizes=\"(min-width: 0px) and (max-width: 480px) 480px, (min-width: 481px) 601px, 100vw\" \/><\/figure>\n\n\n\n<figure class=\"wp-block-image size-large\"><img loading=\"lazy\" decoding=\"async\" width=\"601\" height=\"800\" data-id=\"7762\" src=\"https:\/\/catholiques17.fr\/saintbernardenaunis\/wp-content\/uploads\/sites\/13\/2022\/12\/77.jpg\" alt=\"\" class=\"wp-image-7762\" srcset=\"https:\/\/catholiques17.fr\/saintbernardenaunis\/wp-content\/uploads\/sites\/13\/2022\/12\/77.jpg 601w, https:\/\/catholiques17.fr\/saintbernardenaunis\/wp-content\/uploads\/sites\/13\/2022\/12\/77-480x639.jpg 480w\" sizes=\"(min-width: 0px) and (max-width: 480px) 480px, (min-width: 481px) 601px, 100vw\" \/><\/figure>\n\n\n\n<figure class=\"wp-block-image size-large\"><img loading=\"lazy\" decoding=\"async\" width=\"601\" height=\"800\" data-id=\"7767\" src=\"https:\/\/catholiques17.fr\/saintbernardenaunis\/wp-content\/uploads\/sites\/13\/2022\/12\/88.jpg\" alt=\"\" class=\"wp-image-7767\" srcset=\"https:\/\/catholiques17.fr\/saintbernardenaunis\/wp-content\/uploads\/sites\/13\/2022\/12\/88.jpg 601w, https:\/\/catholiques17.fr\/saintbernardenaunis\/wp-content\/uploads\/sites\/13\/2022\/12\/88-480x639.jpg 480w\" sizes=\"(min-width: 0px) and (max-width: 480px) 480px, (min-width: 481px) 601px, 100vw\" \/><\/figure>\n\n\n\n<figure class=\"wp-block-image size-large\"><img loading=\"lazy\" decoding=\"async\" width=\"800\" height=\"601\" data-id=\"7766\" src=\"https:\/\/catholiques17.fr\/saintbernardenaunis\/wp-content\/uploads\/sites\/13\/2022\/12\/99.jpg\" alt=\"\" class=\"wp-image-7766\" srcset=\"https:\/\/catholiques17.fr\/saintbernardenaunis\/wp-content\/uploads\/sites\/13\/2022\/12\/99.jpg 800w, https:\/\/catholiques17.fr\/saintbernardenaunis\/wp-content\/uploads\/sites\/13\/2022\/12\/99-480x361.jpg 480w\" sizes=\"(min-width: 0px) and (max-width: 480px) 480px, (min-width: 481px) 800px, 100vw\" \/><\/figure>\n\n\n\n<figure class=\"wp-block-image size-large\"><img loading=\"lazy\" decoding=\"async\" width=\"605\" height=\"769\" data-id=\"7763\" src=\"https:\/\/catholiques17.fr\/saintbernardenaunis\/wp-content\/uploads\/sites\/13\/2022\/12\/100.jpg\" alt=\"\" class=\"wp-image-7763\" srcset=\"https:\/\/catholiques17.fr\/saintbernardenaunis\/wp-content\/uploads\/sites\/13\/2022\/12\/100.jpg 605w, https:\/\/catholiques17.fr\/saintbernardenaunis\/wp-content\/uploads\/sites\/13\/2022\/12\/100-480x610.jpg 480w\" sizes=\"(min-width: 0px) and (max-width: 480px) 480px, (min-width: 481px) 605px, 100vw\" \/><\/figure>\n\n\n\n<figure class=\"wp-block-image size-large\"><img loading=\"lazy\" decoding=\"async\" width=\"605\" height=\"454\" data-id=\"7765\" src=\"https:\/\/catholiques17.fr\/saintbernardenaunis\/wp-content\/uploads\/sites\/13\/2022\/12\/110.jpg\" alt=\"\" class=\"wp-image-7765\" srcset=\"https:\/\/catholiques17.fr\/saintbernardenaunis\/wp-content\/uploads\/sites\/13\/2022\/12\/110.jpg 605w, https:\/\/catholiques17.fr\/saintbernardenaunis\/wp-content\/uploads\/sites\/13\/2022\/12\/110-480x360.jpg 480w\" sizes=\"(min-width: 0px) and (max-width: 480px) 480px, (min-width: 481px) 605px, 100vw\" \/><\/figure>\n<\/figure>\n","protected":false},"excerpt":{"rendered":"<p>Une belle c\u00e9l\u00e9bration \u00e0 l&rsquo;occasion de ce 3\u00e8me dimanche de l&rsquo;Avent. Les enfants de l&rsquo;Eveil \u00e0 la Foi \u00e9taient pr\u00e9sents au d\u00e9but de la messe avant de rejoindre la maison [&hellip;]<\/p>\n","protected":false},"author":18,"featured_media":7756,"comment_status":"open","ping_status":"open","sticky":false,"template":"","format":"standard","meta":{"_et_pb_use_builder":"off","_et_pb_old_content":"","_et_gb_content_width":"","footnotes":""},"categories":[6],"tags":[],"class_list":["post-7754","post","type-post","status-publish","format-standard","has-post-thumbnail","hentry","category-actualite"],"_links":{"self":[{"href":"https:\/\/catholiques17.fr\/saintbernardenaunis\/wp-json\/wp\/v2\/posts\/7754","targetHints":{"allow":["GET"]}}],"collection":[{"href":"https:\/\/catholiques17.fr\/saintbernardenaunis\/wp-json\/wp\/v2\/posts"}],"about":[{"href":"https:\/\/catholiques17.fr\/saintbernardenaunis\/wp-json\/wp\/v2\/types\/post"}],"author":[{"embeddable":true,"href":"https:\/\/catholiques17.fr\/saintbernardenaunis\/wp-json\/wp\/v2\/users\/18"}],"replies":[{"embeddable":true,"href":"https:\/\/catholiques17.fr\/saintbernardenaunis\/wp-json\/wp\/v2\/comments?post=7754"}],"version-history":[{"count":4,"href":"https:\/\/catholiques17.fr\/saintbernardenaunis\/wp-json\/wp\/v2\/posts\/7754\/revisions"}],"predecessor-version":[{"id":7780,"href":"https:\/\/catholiques17.fr\/saintbernardenaunis\/wp-json\/wp\/v2\/posts\/7754\/revisions\/7780"}],"wp:featuredmedia":[{"embeddable":true,"href":"https:\/\/catholiques17.fr\/saintbernardenaunis\/wp-json\/wp\/v2\/media\/7756"}],"wp:attachment":[{"href":"https:\/\/catholiques17.fr\/saintbernardenaunis\/wp-json\/wp\/v2\/media?parent=7754"}],"wp:term":[{"taxonomy":"category","embeddable":true,"href":"https:\/\/catholiques17.fr\/saintbernardenaunis\/wp-json\/wp\/v2\/categories?post=7754"},{"taxonomy":"post_tag","embeddable":true,"href":"https:\/\/catholiques17.fr\/saintbernardenaunis\/wp-json\/wp\/v2\/tags?post=7754"}],"curies":[{"name":"wp","href":"https:\/\/api.w.org\/{rel}","templated":true}]}}