{"id":11915,"date":"2026-04-23T22:12:48","date_gmt":"2026-04-23T20:12:48","guid":{"rendered":"https:\/\/catholiques17.fr\/saintbernardenaunis\/?p=11915"},"modified":"2026-04-23T22:18:53","modified_gmt":"2026-04-23T20:18:53","slug":"de-lappel-decisif-a-la-veillee-pascale-le-chemin-lumineux-de-nos-catechumenes","status":"publish","type":"post","link":"https:\/\/catholiques17.fr\/saintbernardenaunis\/2026\/04\/23\/de-lappel-decisif-a-la-veillee-pascale-le-chemin-lumineux-de-nos-catechumenes\/","title":{"rendered":"De l\u2019Appel d\u00e9cisif \u00e0 la Veill\u00e9e pascale : le chemin lumineux de nos cat\u00e9chum\u00e8nes"},"content":{"rendered":"\n<p>Le 21 f\u00e9vrier, lors de la c\u00e9l\u00e9bration de l\u2019Appel d\u00e9cisif, nos cat\u00e9chum\u00e8nes ont franchi une \u00e9tape majeure sur le chemin de leur initiation chr\u00e9tienne. Sous le regard bienveillant de Monseigneur Pierre Antoine Bozo et entour\u00e9es de la pri\u00e8re de toute la communaut\u00e9, elles ont entendu leur nom appel\u00e9, scellant ainsi leur entr\u00e9e dans la derni\u00e8re ligne droite avant les sacrements. Ce moment solennel, empreint d\u2019\u00e9motion et de gravit\u00e9, a marqu\u00e9 le d\u00e9but d\u2019une p\u00e9riode intense de pr\u00e9paration spirituelle durant le car\u00eame et la Semaine sainte.<\/p>\n\n\n\n<figure class=\"wp-block-image aligncenter size-full\"><img loading=\"lazy\" decoding=\"async\" width=\"595\" height=\"371\" src=\"https:\/\/catholiques17.fr\/saintbernardenaunis\/wp-content\/uploads\/sites\/13\/2026\/04\/Image1.jpg\" alt=\"\" class=\"wp-image-11916\" srcset=\"https:\/\/catholiques17.fr\/saintbernardenaunis\/wp-content\/uploads\/sites\/13\/2026\/04\/Image1.jpg 595w, https:\/\/catholiques17.fr\/saintbernardenaunis\/wp-content\/uploads\/sites\/13\/2026\/04\/Image1-480x299.jpg 480w\" sizes=\"(min-width: 0px) and (max-width: 480px) 480px, (min-width: 481px) 595px, 100vw\" \/><\/figure>\n\n\n\n<p><strong>La Semaine sainte, un temps de conversion partag\u00e9<\/strong><br>Du Dimanche des Rameaux \u00e0 la Veill\u00e9e pascale, chaque \u00e9tape a \u00e9t\u00e9 v\u00e9cue en communion.<\/p>\n\n\n\n<figure class=\"wp-block-gallery has-nested-images columns-default is-cropped wp-block-gallery-1 is-layout-flex wp-block-gallery-is-layout-flex\">\n<figure class=\"wp-block-image size-large\"><img loading=\"lazy\" decoding=\"async\" width=\"245\" height=\"245\" data-id=\"11917\" src=\"https:\/\/catholiques17.fr\/saintbernardenaunis\/wp-content\/uploads\/sites\/13\/2026\/04\/Image2.jpg\" alt=\"\" class=\"wp-image-11917\" srcset=\"https:\/\/catholiques17.fr\/saintbernardenaunis\/wp-content\/uploads\/sites\/13\/2026\/04\/Image2.jpg 245w, https:\/\/catholiques17.fr\/saintbernardenaunis\/wp-content\/uploads\/sites\/13\/2026\/04\/Image2-150x150.jpg 150w\" sizes=\"(max-width: 245px) 100vw, 245px\" \/><\/figure>\n\n\n\n<figure class=\"wp-block-image size-large\"><img loading=\"lazy\" decoding=\"async\" width=\"240\" height=\"240\" data-id=\"11918\" src=\"https:\/\/catholiques17.fr\/saintbernardenaunis\/wp-content\/uploads\/sites\/13\/2026\/04\/Image3.jpg\" alt=\"\" class=\"wp-image-11918\" srcset=\"https:\/\/catholiques17.fr\/saintbernardenaunis\/wp-content\/uploads\/sites\/13\/2026\/04\/Image3.jpg 240w, https:\/\/catholiques17.fr\/saintbernardenaunis\/wp-content\/uploads\/sites\/13\/2026\/04\/Image3-150x150.jpg 150w\" sizes=\"(max-width: 240px) 100vw, 240px\" \/><\/figure>\n<\/figure>\n\n\n\n<figure class=\"wp-block-image aligncenter size-full\"><img loading=\"lazy\" decoding=\"async\" width=\"370\" height=\"800\" src=\"https:\/\/catholiques17.fr\/saintbernardenaunis\/wp-content\/uploads\/sites\/13\/2026\/04\/Image4.jpg\" alt=\"\" class=\"wp-image-11920\" srcset=\"https:\/\/catholiques17.fr\/saintbernardenaunis\/wp-content\/uploads\/sites\/13\/2026\/04\/Image4.jpg 370w, https:\/\/catholiques17.fr\/saintbernardenaunis\/wp-content\/uploads\/sites\/13\/2026\/04\/Image4-139x300.jpg 139w\" sizes=\"(max-width: 370px) 100vw, 370px\" \/><\/figure>\n\n\n\n<p><strong>La Veill\u00e9e pascale : l\u2019aboutissement d\u2019un chemin<\/strong><br>Samedi dernier, l\u2019\u00e9glise, plong\u00e9e dans l\u2019obscurit\u00e9, s\u2019est progressivement illumin\u00e9e au fil des rites de la Veill\u00e9e pascale. Le feu nouveau, le cierge pascal, les lectures, les chants\u2026 et enfin, le moment tant attendu : le Bapt\u00eame, la Confirmation et la premi\u00e8re Eucharistie. Les visages rayonnants des n\u00e9ophytes, les applaudissements chaleureux de l\u2019assembl\u00e9e, les embrassades fraternelles : tout concourait \u00e0 faire de cette nuit une f\u00eate inoubliable.<\/p>\n\n\n\n<figure class=\"wp-block-gallery has-nested-images columns-default is-cropped wp-block-gallery-2 is-layout-flex wp-block-gallery-is-layout-flex\">\n<figure class=\"wp-block-image size-large\"><img loading=\"lazy\" decoding=\"async\" width=\"281\" height=\"375\" data-id=\"11923\" src=\"https:\/\/catholiques17.fr\/saintbernardenaunis\/wp-content\/uploads\/sites\/13\/2026\/04\/Image5.jpg\" alt=\"\" class=\"wp-image-11923\" srcset=\"https:\/\/catholiques17.fr\/saintbernardenaunis\/wp-content\/uploads\/sites\/13\/2026\/04\/Image5.jpg 281w, https:\/\/catholiques17.fr\/saintbernardenaunis\/wp-content\/uploads\/sites\/13\/2026\/04\/Image5-225x300.jpg 225w\" sizes=\"(max-width: 281px) 100vw, 281px\" \/><\/figure>\n\n\n\n<figure class=\"wp-block-image size-large\"><img loading=\"lazy\" decoding=\"async\" width=\"600\" height=\"800\" data-id=\"11924\" src=\"https:\/\/catholiques17.fr\/saintbernardenaunis\/wp-content\/uploads\/sites\/13\/2026\/04\/Image6-1.jpg\" alt=\"\" class=\"wp-image-11924\" srcset=\"https:\/\/catholiques17.fr\/saintbernardenaunis\/wp-content\/uploads\/sites\/13\/2026\/04\/Image6-1.jpg 600w, https:\/\/catholiques17.fr\/saintbernardenaunis\/wp-content\/uploads\/sites\/13\/2026\/04\/Image6-1-480x640.jpg 480w\" sizes=\"(min-width: 0px) and (max-width: 480px) 480px, (min-width: 481px) 600px, 100vw\" \/><\/figure>\n<\/figure>\n\n\n\n<p><strong>Une communaut\u00e9 grandie<\/strong><br>Voir ces adultes recevoir les sacrements, c\u2019est comme si toute la paroisse renaissait avec eux \u00bb, partageait une paroissienne. En effet, cette ann\u00e9e, la Veill\u00e9e pascale a \u00e9t\u00e9 bien plus qu\u2019une c\u00e9l\u00e9bration liturgique : elle a \u00e9t\u00e9 le signe tangible d\u2019une \u00c9glise vivante, o\u00f9 chacun\u00b7e, ancien\u00b7ne ou nouveau\u00b7elle, trouve sa place. Les n\u00e9ophytes, d\u00e9sormais pleinement membres de la communaut\u00e9, ont d\u00e9j\u00e0 exprim\u00e9 leur d\u00e9sir de s\u2019engager.<\/p>\n\n\n\n<p><strong>Et demain ?<\/strong><br>Le chemin ne s\u2019arr\u00eate pas l\u00e0. Les n\u00e9ophytes seront accompagn\u00e9s tout au long de leur premi\u00e8re ann\u00e9e de vie chr\u00e9tienne, afin d\u2019approfondir leur foi et de d\u00e9couvrir les multiples facettes de la vie paroissiale. Quant \u00e0 la communaut\u00e9, elle sort grandie de cette exp\u00e9rience, rappel\u00e9e \u00e0 sa mission : annoncer la joie de l\u2019\u00c9vangile et accueillir ceux qui frappent \u00e0 la porte.<\/p>\n\n\n\n<p><em>\u00ab Vous tous qui avez \u00e9t\u00e9 baptis\u00e9s en Christ, vous avez rev\u00eatu Christ. \u00bb<\/em> (Ga 3, 27)<\/p>\n\n\n\n<p><strong>Un immense merci \u00e0 tous ceux qui ont pri\u00e9, accompagn\u00e9 et soutenu nos cat\u00e9chum\u00e8nes. Que cette lumi\u00e8re de P\u00e2ques continue d\u2019\u00e9clairer nos pas !<\/strong><strong><\/strong><\/p>\n\n\n\n<p>Merci \u00e0 Isabelle pour l\u2019accompagnement de nos cat\u00e9chum\u00e8nes.<\/p>\n\n\n\n<p>Merci \u00e0 nos nouvelles n\u00e9ophytes et leurs proches pour ce moment \u00e9mouvant \u2026<br>Merci \u00e0 Xavier et Pierre-Yves toujours&nbsp;discrets et efficaces pour cette si belle mission \u2026<br>Merci \u00e0 Marie-Paule, Fabienne et toute l\u2019\u00e9quipe pour avoir permis la tenue de la liturgie<br>Merci \u00e0 Yvette et Pierrette toujours aussi efficaces et disponibles et rassurantes avec le sourire !&nbsp;<br>Merci pour ce beau moment o\u00f9 nous avons fait \u00c9glise autour de ces jeunes adultes ,sachons les accueillir\u2026 leur chemin de Foi d\u00e9j\u00e0 commenc\u00e9 se poursuit gr\u00e2ce \u00e0 Vous tous.<br>Merci au P\u00e8re Auxence.<br><br><\/p>\n","protected":false},"excerpt":{"rendered":"<p>Le 21 f\u00e9vrier, lors de la c\u00e9l\u00e9bration de l\u2019Appel d\u00e9cisif, nos cat\u00e9chum\u00e8nes ont franchi une \u00e9tape majeure sur le chemin de leur initiation chr\u00e9tienne. Sous le regard bienveillant de Monseigneur [&hellip;]<\/p>\n","protected":false},"author":18,"featured_media":11922,"comment_status":"open","ping_status":"open","sticky":false,"template":"","format":"standard","meta":{"_et_pb_use_builder":"off","_et_pb_old_content":"","_et_gb_content_width":"","footnotes":""},"categories":[6],"tags":[],"class_list":["post-11915","post","type-post","status-publish","format-standard","has-post-thumbnail","hentry","category-actualite"],"_links":{"self":[{"href":"https:\/\/catholiques17.fr\/saintbernardenaunis\/wp-json\/wp\/v2\/posts\/11915","targetHints":{"allow":["GET"]}}],"collection":[{"href":"https:\/\/catholiques17.fr\/saintbernardenaunis\/wp-json\/wp\/v2\/posts"}],"about":[{"href":"https:\/\/catholiques17.fr\/saintbernardenaunis\/wp-json\/wp\/v2\/types\/post"}],"author":[{"embeddable":true,"href":"https:\/\/catholiques17.fr\/saintbernardenaunis\/wp-json\/wp\/v2\/users\/18"}],"replies":[{"embeddable":true,"href":"https:\/\/catholiques17.fr\/saintbernardenaunis\/wp-json\/wp\/v2\/comments?post=11915"}],"version-history":[{"count":2,"href":"https:\/\/catholiques17.fr\/saintbernardenaunis\/wp-json\/wp\/v2\/posts\/11915\/revisions"}],"predecessor-version":[{"id":11925,"href":"https:\/\/catholiques17.fr\/saintbernardenaunis\/wp-json\/wp\/v2\/posts\/11915\/revisions\/11925"}],"wp:featuredmedia":[{"embeddable":true,"href":"https:\/\/catholiques17.fr\/saintbernardenaunis\/wp-json\/wp\/v2\/media\/11922"}],"wp:attachment":[{"href":"https:\/\/catholiques17.fr\/saintbernardenaunis\/wp-json\/wp\/v2\/media?parent=11915"}],"wp:term":[{"taxonomy":"category","embeddable":true,"href":"https:\/\/catholiques17.fr\/saintbernardenaunis\/wp-json\/wp\/v2\/categories?post=11915"},{"taxonomy":"post_tag","embeddable":true,"href":"https:\/\/catholiques17.fr\/saintbernardenaunis\/wp-json\/wp\/v2\/tags?post=11915"}],"curies":[{"name":"wp","href":"https:\/\/api.w.org\/{rel}","templated":true}]}}