{"id":11798,"date":"2026-02-08T17:31:31","date_gmt":"2026-02-08T16:31:31","guid":{"rendered":"https:\/\/catholiques17.fr\/saintbernardenaunis\/?p=11798"},"modified":"2026-02-08T17:32:07","modified_gmt":"2026-02-08T16:32:07","slug":"soiree-solidarite-partage-ccfd-ts-3","status":"publish","type":"post","link":"https:\/\/catholiques17.fr\/saintbernardenaunis\/2026\/02\/08\/soiree-solidarite-partage-ccfd-ts-3\/","title":{"rendered":"Soir\u00e9e solidarit\u00e9 partage CCFD-TS"},"content":{"rendered":"\n<p><strong>Vendredi 27 mars<\/strong>&nbsp;: soir\u00e9e organis\u00e9e par l\u2019\u00e9quipe locale du CCFD-TS en partenariat avec le Secours Catholique et la Paroisse autour d\u2019un <strong>couscous partag\u00e9<\/strong> \u00e0 19h au Centre Rencontre de Saint-Sauveur d\u2019Aunis. La pr\u00e9sentation portera sur l&rsquo;extraction des minerais qui entraine trop souvent&nbsp; des conflits et la faim dans de nombreuses r\u00e9gions du monde<\/p>\n\n\n\n<p>Adultes 17 \u20ac \/ Enfants (- 14 ans) : 6 \u20ac<\/p>\n\n\n\n<p>Inscriptions aupr\u00e8s de : Yvette 07 87 09 77 90 \/ Pierrette 06 81 38 71 11 ou 05 46 01 9026 ou Lucette 06 74 56 40 34. <strong><u>Ch\u00e8que \u00e0 \u00e9tablir \u00e0 l\u2019ordre du CCFD-TS<\/u><\/strong>. Pensez \u00e0 apporter vos couverts.<\/p>\n","protected":false},"excerpt":{"rendered":"<p>Vendredi 27 mars&nbsp;: soir\u00e9e organis\u00e9e par l\u2019\u00e9quipe locale du CCFD-TS en partenariat avec le Secours Catholique et la Paroisse autour d\u2019un couscous partag\u00e9 \u00e0 19h au Centre Rencontre de Saint-Sauveur [&hellip;]<\/p>\n","protected":false},"author":18,"featured_media":11799,"comment_status":"open","ping_status":"open","sticky":false,"template":"","format":"standard","meta":{"_et_pb_use_builder":"off","_et_pb_old_content":"","_et_gb_content_width":"","footnotes":""},"categories":[6],"tags":[],"class_list":["post-11798","post","type-post","status-publish","format-standard","has-post-thumbnail","hentry","category-actualite"],"_links":{"self":[{"href":"https:\/\/catholiques17.fr\/saintbernardenaunis\/wp-json\/wp\/v2\/posts\/11798","targetHints":{"allow":["GET"]}}],"collection":[{"href":"https:\/\/catholiques17.fr\/saintbernardenaunis\/wp-json\/wp\/v2\/posts"}],"about":[{"href":"https:\/\/catholiques17.fr\/saintbernardenaunis\/wp-json\/wp\/v2\/types\/post"}],"author":[{"embeddable":true,"href":"https:\/\/catholiques17.fr\/saintbernardenaunis\/wp-json\/wp\/v2\/users\/18"}],"replies":[{"embeddable":true,"href":"https:\/\/catholiques17.fr\/saintbernardenaunis\/wp-json\/wp\/v2\/comments?post=11798"}],"version-history":[{"count":2,"href":"https:\/\/catholiques17.fr\/saintbernardenaunis\/wp-json\/wp\/v2\/posts\/11798\/revisions"}],"predecessor-version":[{"id":11801,"href":"https:\/\/catholiques17.fr\/saintbernardenaunis\/wp-json\/wp\/v2\/posts\/11798\/revisions\/11801"}],"wp:featuredmedia":[{"embeddable":true,"href":"https:\/\/catholiques17.fr\/saintbernardenaunis\/wp-json\/wp\/v2\/media\/11799"}],"wp:attachment":[{"href":"https:\/\/catholiques17.fr\/saintbernardenaunis\/wp-json\/wp\/v2\/media?parent=11798"}],"wp:term":[{"taxonomy":"category","embeddable":true,"href":"https:\/\/catholiques17.fr\/saintbernardenaunis\/wp-json\/wp\/v2\/categories?post=11798"},{"taxonomy":"post_tag","embeddable":true,"href":"https:\/\/catholiques17.fr\/saintbernardenaunis\/wp-json\/wp\/v2\/tags?post=11798"}],"curies":[{"name":"wp","href":"https:\/\/api.w.org\/{rel}","templated":true}]}}