{"id":11674,"date":"2025-11-29T18:38:45","date_gmt":"2025-11-29T17:38:45","guid":{"rendered":"https:\/\/catholiques17.fr\/saintbernardenaunis\/?p=11674"},"modified":"2025-11-29T18:39:46","modified_gmt":"2025-11-29T17:39:46","slug":"%f0%9f%8e%84-chorale-de-noel-a-benon-%f0%9f%8e%b6","status":"publish","type":"post","link":"https:\/\/catholiques17.fr\/saintbernardenaunis\/2025\/11\/29\/%f0%9f%8e%84-chorale-de-noel-a-benon-%f0%9f%8e%b6\/","title":{"rendered":"\ud83c\udf84 CHORALE DE NO\u00cbL \u00c0 BENON ! \ud83c\udfb6"},"content":{"rendered":"\n<p>Le samedi 6 d\u00e9cembre 2025 \u00e0 17h30, l\u2019\u00e9glise Saint-Pierre de Benon accueillera le Ch\u0153ur Gospel de La Rochelle pour un concert exceptionnel plac\u00e9 sous le signe de la joie et du partage !<\/p>\n\n\n\n<p>\u2728 Venez vivre la magie de No\u00ebl en musique !<\/p>\n\n\n\n<p>\ud83c\udf9f\ufe0f Tarifs : 12 \u20ac adulte \u2013 8 \u20ac enfant (-10 ans)<\/p>\n\n\n\n<p>\ud83c\udf77 Buvette sur place<\/p>\n\n\n\n<p>\ud83d\udcc5 R\u00e9servation avant le 3 d\u00e9cembre (places limit\u00e9es \u2013 placement libre)<\/p>\n\n\n\n<p>\ud83d\udccd \u00c9glise Saint-Pierre de Benon<\/p>\n\n\n\n<p>\ud83d\udcde Infos &amp; r\u00e9servations : Comit\u00e9 des f\u00eates de Benon<\/p>\n\n\n\n<p>\u27a1\ufe0f 07 68 97 41 90 \u2013&nbsp;<a href=\"mailto:cf.benon@yahoo.fr\" target=\"_blank\" rel=\"noreferrer noopener\">cf.benon@yahoo.fr<\/a><\/p>\n\n\n\n<p><a target=\"_blank\" href=\"https:\/\/www.intramuros.org\/benon\/associations\/133319\" rel=\"noreferrer noopener\"><\/a><\/p>\n","protected":false},"excerpt":{"rendered":"<p>Le samedi 6 d\u00e9cembre 2025 \u00e0 17h30, l\u2019\u00e9glise Saint-Pierre de Benon accueillera le Ch\u0153ur Gospel de La Rochelle pour un concert exceptionnel plac\u00e9 sous le signe de la joie et [&hellip;]<\/p>\n","protected":false},"author":18,"featured_media":11676,"comment_status":"open","ping_status":"open","sticky":false,"template":"","format":"standard","meta":{"_et_pb_use_builder":"off","_et_pb_old_content":"","_et_gb_content_width":"","footnotes":""},"categories":[6],"tags":[],"class_list":["post-11674","post","type-post","status-publish","format-standard","has-post-thumbnail","hentry","category-actualite"],"_links":{"self":[{"href":"https:\/\/catholiques17.fr\/saintbernardenaunis\/wp-json\/wp\/v2\/posts\/11674","targetHints":{"allow":["GET"]}}],"collection":[{"href":"https:\/\/catholiques17.fr\/saintbernardenaunis\/wp-json\/wp\/v2\/posts"}],"about":[{"href":"https:\/\/catholiques17.fr\/saintbernardenaunis\/wp-json\/wp\/v2\/types\/post"}],"author":[{"embeddable":true,"href":"https:\/\/catholiques17.fr\/saintbernardenaunis\/wp-json\/wp\/v2\/users\/18"}],"replies":[{"embeddable":true,"href":"https:\/\/catholiques17.fr\/saintbernardenaunis\/wp-json\/wp\/v2\/comments?post=11674"}],"version-history":[{"count":1,"href":"https:\/\/catholiques17.fr\/saintbernardenaunis\/wp-json\/wp\/v2\/posts\/11674\/revisions"}],"predecessor-version":[{"id":11675,"href":"https:\/\/catholiques17.fr\/saintbernardenaunis\/wp-json\/wp\/v2\/posts\/11674\/revisions\/11675"}],"wp:featuredmedia":[{"embeddable":true,"href":"https:\/\/catholiques17.fr\/saintbernardenaunis\/wp-json\/wp\/v2\/media\/11676"}],"wp:attachment":[{"href":"https:\/\/catholiques17.fr\/saintbernardenaunis\/wp-json\/wp\/v2\/media?parent=11674"}],"wp:term":[{"taxonomy":"category","embeddable":true,"href":"https:\/\/catholiques17.fr\/saintbernardenaunis\/wp-json\/wp\/v2\/categories?post=11674"},{"taxonomy":"post_tag","embeddable":true,"href":"https:\/\/catholiques17.fr\/saintbernardenaunis\/wp-json\/wp\/v2\/tags?post=11674"}],"curies":[{"name":"wp","href":"https:\/\/api.w.org\/{rel}","templated":true}]}}