{"id":11320,"date":"2025-04-20T20:14:25","date_gmt":"2025-04-20T18:14:25","guid":{"rendered":"https:\/\/catholiques17.fr\/saintbernardenaunis\/?p=11320"},"modified":"2025-04-21T17:49:22","modified_gmt":"2025-04-21T15:49:22","slug":"la-vigile-pascale","status":"publish","type":"post","link":"https:\/\/catholiques17.fr\/saintbernardenaunis\/2025\/04\/20\/la-vigile-pascale\/","title":{"rendered":"La Vigile Pascale"},"content":{"rendered":"\n<p>Cette ann\u00e9e, notre communaut\u00e9 paroissiale a c\u00e9l\u00e9br\u00e9 la Vigile Pascale avec une ferveur particuli\u00e8re, marqu\u00e9e par le bapt\u00eame de deux adultes, Sol\u00e8ne et Amandine. Leur engagement et leur foi ont illumin\u00e9 cette nuit sainte, symbolisant la renaissance et l&rsquo;espoir. Ensemble, nous avons v\u00e9cu un moment de gr\u00e2ce, rappelant que la lumi\u00e8re du Christ ressuscit\u00e9 guide nos pas vers un avenir rempli de promesses. Que cette c\u00e9l\u00e9bration soit pour chacun de nous une source d&rsquo;inspiration et de renouveau spirituel.<\/p>\n\n\n\n<figure class=\"wp-block-image aligncenter size-full is-resized\"><img loading=\"lazy\" decoding=\"async\" width=\"305\" height=\"407\" src=\"https:\/\/catholiques17.fr\/saintbernardenaunis\/wp-content\/uploads\/sites\/13\/2025\/04\/Image2.jpg\" alt=\"\" class=\"wp-image-11321\" style=\"width:305px;height:auto\" srcset=\"https:\/\/catholiques17.fr\/saintbernardenaunis\/wp-content\/uploads\/sites\/13\/2025\/04\/Image2.jpg 305w, https:\/\/catholiques17.fr\/saintbernardenaunis\/wp-content\/uploads\/sites\/13\/2025\/04\/Image2-225x300.jpg 225w\" sizes=\"(max-width: 305px) 100vw, 305px\" \/><\/figure>\n\n\n\n<figure class=\"wp-block-gallery has-nested-images columns-default is-cropped wp-block-gallery-1 is-layout-flex wp-block-gallery-is-layout-flex\">\n<figure class=\"wp-block-image size-full\"><img loading=\"lazy\" decoding=\"async\" width=\"305\" height=\"407\" data-id=\"11322\" src=\"https:\/\/catholiques17.fr\/saintbernardenaunis\/wp-content\/uploads\/sites\/13\/2025\/04\/Image1.jpg\" alt=\"\" class=\"wp-image-11322\" srcset=\"https:\/\/catholiques17.fr\/saintbernardenaunis\/wp-content\/uploads\/sites\/13\/2025\/04\/Image1.jpg 305w, https:\/\/catholiques17.fr\/saintbernardenaunis\/wp-content\/uploads\/sites\/13\/2025\/04\/Image1-225x300.jpg 225w\" sizes=\"(max-width: 305px) 100vw, 305px\" \/><\/figure>\n\n\n\n<figure class=\"wp-block-image size-large\"><img loading=\"lazy\" decoding=\"async\" width=\"450\" height=\"800\" data-id=\"11324\" src=\"https:\/\/catholiques17.fr\/saintbernardenaunis\/wp-content\/uploads\/sites\/13\/2025\/04\/Image2-1.jpg\" alt=\"\" class=\"wp-image-11324\" srcset=\"https:\/\/catholiques17.fr\/saintbernardenaunis\/wp-content\/uploads\/sites\/13\/2025\/04\/Image2-1.jpg 450w, https:\/\/catholiques17.fr\/saintbernardenaunis\/wp-content\/uploads\/sites\/13\/2025\/04\/Image2-1-169x300.jpg 169w\" sizes=\"(max-width: 450px) 100vw, 450px\" \/><\/figure>\n\n\n\n<figure class=\"wp-block-image size-large\"><img loading=\"lazy\" decoding=\"async\" width=\"564\" height=\"752\" data-id=\"11326\" src=\"https:\/\/catholiques17.fr\/saintbernardenaunis\/wp-content\/uploads\/sites\/13\/2025\/04\/Image3.jpg\" alt=\"\" class=\"wp-image-11326\" srcset=\"https:\/\/catholiques17.fr\/saintbernardenaunis\/wp-content\/uploads\/sites\/13\/2025\/04\/Image3.jpg 564w, https:\/\/catholiques17.fr\/saintbernardenaunis\/wp-content\/uploads\/sites\/13\/2025\/04\/Image3-480x640.jpg 480w\" sizes=\"(min-width: 0px) and (max-width: 480px) 480px, (min-width: 481px) 564px, 100vw\" \/><\/figure>\n<\/figure>\n","protected":false},"excerpt":{"rendered":"<p>Cette ann\u00e9e, notre communaut\u00e9 paroissiale a c\u00e9l\u00e9br\u00e9 la Vigile Pascale avec une ferveur particuli\u00e8re, marqu\u00e9e par le bapt\u00eame de deux adultes, Sol\u00e8ne et Amandine. Leur engagement et leur foi ont [&hellip;]<\/p>\n","protected":false},"author":18,"featured_media":11325,"comment_status":"open","ping_status":"open","sticky":false,"template":"","format":"standard","meta":{"_et_pb_use_builder":"off","_et_pb_old_content":"","_et_gb_content_width":"","footnotes":""},"categories":[6],"tags":[],"class_list":["post-11320","post","type-post","status-publish","format-standard","has-post-thumbnail","hentry","category-actualite"],"_links":{"self":[{"href":"https:\/\/catholiques17.fr\/saintbernardenaunis\/wp-json\/wp\/v2\/posts\/11320","targetHints":{"allow":["GET"]}}],"collection":[{"href":"https:\/\/catholiques17.fr\/saintbernardenaunis\/wp-json\/wp\/v2\/posts"}],"about":[{"href":"https:\/\/catholiques17.fr\/saintbernardenaunis\/wp-json\/wp\/v2\/types\/post"}],"author":[{"embeddable":true,"href":"https:\/\/catholiques17.fr\/saintbernardenaunis\/wp-json\/wp\/v2\/users\/18"}],"replies":[{"embeddable":true,"href":"https:\/\/catholiques17.fr\/saintbernardenaunis\/wp-json\/wp\/v2\/comments?post=11320"}],"version-history":[{"count":2,"href":"https:\/\/catholiques17.fr\/saintbernardenaunis\/wp-json\/wp\/v2\/posts\/11320\/revisions"}],"predecessor-version":[{"id":11328,"href":"https:\/\/catholiques17.fr\/saintbernardenaunis\/wp-json\/wp\/v2\/posts\/11320\/revisions\/11328"}],"wp:featuredmedia":[{"embeddable":true,"href":"https:\/\/catholiques17.fr\/saintbernardenaunis\/wp-json\/wp\/v2\/media\/11325"}],"wp:attachment":[{"href":"https:\/\/catholiques17.fr\/saintbernardenaunis\/wp-json\/wp\/v2\/media?parent=11320"}],"wp:term":[{"taxonomy":"category","embeddable":true,"href":"https:\/\/catholiques17.fr\/saintbernardenaunis\/wp-json\/wp\/v2\/categories?post=11320"},{"taxonomy":"post_tag","embeddable":true,"href":"https:\/\/catholiques17.fr\/saintbernardenaunis\/wp-json\/wp\/v2\/tags?post=11320"}],"curies":[{"name":"wp","href":"https:\/\/api.w.org\/{rel}","templated":true}]}}