{"id":11292,"date":"2025-04-19T10:48:27","date_gmt":"2025-04-19T08:48:27","guid":{"rendered":"https:\/\/catholiques17.fr\/saintbernardenaunis\/?p=11292"},"modified":"2025-04-19T10:49:21","modified_gmt":"2025-04-19T08:49:21","slug":"appel-decisif","status":"publish","type":"post","link":"https:\/\/catholiques17.fr\/saintbernardenaunis\/2025\/04\/19\/appel-decisif\/","title":{"rendered":"Appel d\u00e9cisif"},"content":{"rendered":"\n<p>Le 9 mars, 77 cat\u00e9chum\u00e8nes du dioc\u00e8se de la Rochelle ont v\u00e9cu l&rsquo;appel d\u00e9cisif. Pour notre paroisse, Amandine et Sol\u00e8ne ont re\u00e7u le sacrement du bapt\u00eame lors de la veill\u00e9e pascale. Portons-les dans notre pri\u00e8re<br><br><\/p>\n","protected":false},"excerpt":{"rendered":"<p>Le 9 mars, 77 cat\u00e9chum\u00e8nes du dioc\u00e8se de la Rochelle ont v\u00e9cu l&rsquo;appel d\u00e9cisif. Pour notre paroisse, Amandine et Sol\u00e8ne ont re\u00e7u le sacrement du bapt\u00eame lors de la veill\u00e9e [&hellip;]<\/p>\n","protected":false},"author":18,"featured_media":11293,"comment_status":"open","ping_status":"open","sticky":false,"template":"","format":"standard","meta":{"_et_pb_use_builder":"off","_et_pb_old_content":"","_et_gb_content_width":"","footnotes":""},"categories":[6],"tags":[],"class_list":["post-11292","post","type-post","status-publish","format-standard","has-post-thumbnail","hentry","category-actualite"],"_links":{"self":[{"href":"https:\/\/catholiques17.fr\/saintbernardenaunis\/wp-json\/wp\/v2\/posts\/11292","targetHints":{"allow":["GET"]}}],"collection":[{"href":"https:\/\/catholiques17.fr\/saintbernardenaunis\/wp-json\/wp\/v2\/posts"}],"about":[{"href":"https:\/\/catholiques17.fr\/saintbernardenaunis\/wp-json\/wp\/v2\/types\/post"}],"author":[{"embeddable":true,"href":"https:\/\/catholiques17.fr\/saintbernardenaunis\/wp-json\/wp\/v2\/users\/18"}],"replies":[{"embeddable":true,"href":"https:\/\/catholiques17.fr\/saintbernardenaunis\/wp-json\/wp\/v2\/comments?post=11292"}],"version-history":[{"count":1,"href":"https:\/\/catholiques17.fr\/saintbernardenaunis\/wp-json\/wp\/v2\/posts\/11292\/revisions"}],"predecessor-version":[{"id":11298,"href":"https:\/\/catholiques17.fr\/saintbernardenaunis\/wp-json\/wp\/v2\/posts\/11292\/revisions\/11298"}],"wp:featuredmedia":[{"embeddable":true,"href":"https:\/\/catholiques17.fr\/saintbernardenaunis\/wp-json\/wp\/v2\/media\/11293"}],"wp:attachment":[{"href":"https:\/\/catholiques17.fr\/saintbernardenaunis\/wp-json\/wp\/v2\/media?parent=11292"}],"wp:term":[{"taxonomy":"category","embeddable":true,"href":"https:\/\/catholiques17.fr\/saintbernardenaunis\/wp-json\/wp\/v2\/categories?post=11292"},{"taxonomy":"post_tag","embeddable":true,"href":"https:\/\/catholiques17.fr\/saintbernardenaunis\/wp-json\/wp\/v2\/tags?post=11292"}],"curies":[{"name":"wp","href":"https:\/\/api.w.org\/{rel}","templated":true}]}}