{"id":10552,"date":"2024-10-06T21:01:06","date_gmt":"2024-10-06T19:01:06","guid":{"rendered":"https:\/\/catholiques17.fr\/saintbernardenaunis\/?p=10552"},"modified":"2024-10-06T21:07:14","modified_gmt":"2024-10-06T19:07:14","slug":"messe-dinstallation-de-notre-nouveau-cure-bienvenue-pere-auxence","status":"publish","type":"post","link":"https:\/\/catholiques17.fr\/saintbernardenaunis\/2024\/10\/06\/messe-dinstallation-de-notre-nouveau-cure-bienvenue-pere-auxence\/","title":{"rendered":"Messe d&rsquo;installation de notre nouveau cur\u00e9 : bienvenue P\u00e8re Auxence !"},"content":{"rendered":"\n<p>Ce dimanche 6 octobre \u00e9tait un grand jour pour notre paroisse. Le p\u00e8re Martin est venu installer notre nouveau cur\u00e9, <strong>le P\u00e8re Auxence PAYIMA<\/strong>.<\/p>\n\n\n\n<p>La c\u00e9r\u00e9monie s\u2019est d\u00e9roul\u00e9e dans une ambiance fraternelle, priante et joyeuse. La communaut\u00e9 \u00e9tait rassembl\u00e9e au sein de l\u2019\u00e9glise Saint Pierre \u00e0 Benon.<\/p>\n\n\n\n<p>Quelques temps forts ont marqu\u00e9 cette belle messe&nbsp;:<\/p>\n\n\n\n<p>&#8211;&nbsp;L\u2019accueil du P\u00e8re Martin.<\/p>\n\n\n\n<p>&#8211; Le mot d\u2019accueil de la communaut\u00e9 lu par Odile au nom de l\u2019\u00e9quipe d\u2019animation pastorale et de toute la communaut\u00e9.<\/p>\n\n\n\n<p>&#8211;&nbsp;Le renouvellement des promesses de son ordination presbyt\u00e9rale et la profession de foi du P\u00e8re Auxence.<\/p>\n\n\n\n<p>&#8211;&nbsp;&nbsp;L\u2019installation proprement dite de notre nouveau cur\u00e9&nbsp;: le p\u00e8re Martin lui a remis symboliquement la clef de notre paroisse.<\/p>\n\n\n\n<figure class=\"wp-block-image aligncenter size-full\"><img loading=\"lazy\" decoding=\"async\" width=\"602\" height=\"800\" src=\"https:\/\/catholiques17.fr\/saintbernardenaunis\/wp-content\/uploads\/sites\/13\/2024\/10\/Image3.jpg\" alt=\"\" class=\"wp-image-10556\" srcset=\"https:\/\/catholiques17.fr\/saintbernardenaunis\/wp-content\/uploads\/sites\/13\/2024\/10\/Image3.jpg 602w, https:\/\/catholiques17.fr\/saintbernardenaunis\/wp-content\/uploads\/sites\/13\/2024\/10\/Image3-480x638.jpg 480w\" sizes=\"(min-width: 0px) and (max-width: 480px) 480px, (min-width: 481px) 602px, 100vw\" \/><\/figure>\n\n\n\n<p>Et ce n&rsquo;est pas tout &#8230; Le 3\u00a0octobre 2004, le p\u00e8re Auxence avait \u00e9t\u00e9 ordonn\u00e9e pr\u00eatre au Congo par Monseigneur Ernest Kombo. Un jubil\u00e9 de sacerdoce \u00e7a se f\u00eate ! C&rsquo;est donc entour\u00e9 de tous les responsables des services, qu&rsquo;un hommage \u00e0 l&rsquo;engagement du P\u00e8re Auxence a \u00e9t\u00e9 partag\u00e9 et qu&rsquo;une chasuble rouge lui a \u00e9t\u00e9 offerte.<\/p>\n\n\n\n<figure class=\"wp-block-gallery has-nested-images columns-default is-cropped wp-block-gallery-1 is-layout-flex wp-block-gallery-is-layout-flex\">\n<figure class=\"wp-block-image size-large\"><img loading=\"lazy\" decoding=\"async\" width=\"662\" height=\"306\" data-id=\"10557\" src=\"https:\/\/catholiques17.fr\/saintbernardenaunis\/wp-content\/uploads\/sites\/13\/2024\/10\/Image2.jpg\" alt=\"\" class=\"wp-image-10557\" srcset=\"https:\/\/catholiques17.fr\/saintbernardenaunis\/wp-content\/uploads\/sites\/13\/2024\/10\/Image2.jpg 662w, https:\/\/catholiques17.fr\/saintbernardenaunis\/wp-content\/uploads\/sites\/13\/2024\/10\/Image2-480x222.jpg 480w\" sizes=\"(min-width: 0px) and (max-width: 480px) 480px, (min-width: 481px) 662px, 100vw\" \/><\/figure>\n<\/figure>\n\n\n\n<p>Cette c\u00e9l\u00e9bration a aussi \u00e9t\u00e9 l&rsquo;occasion de remercier Yvette de son engagement en \u00e9quipe pastorale et qui passe le relais tout en continuant, bien s\u00fbr, activement dans notre paroisse en tant que responsable du service obs\u00e8ques.<\/p>\n\n\n\n<p>Le verre de l&rsquo;amiti\u00e9 a ensuite r\u00e9uni tous les paroissiens autour du P\u00e8re Auxence.<\/p>\n\n\n\n<figure class=\"wp-block-image aligncenter size-full\"><img loading=\"lazy\" decoding=\"async\" width=\"369\" height=\"800\" src=\"https:\/\/catholiques17.fr\/saintbernardenaunis\/wp-content\/uploads\/sites\/13\/2024\/10\/Image1-1.jpg\" alt=\"\" class=\"wp-image-10559\" srcset=\"https:\/\/catholiques17.fr\/saintbernardenaunis\/wp-content\/uploads\/sites\/13\/2024\/10\/Image1-1.jpg 369w, https:\/\/catholiques17.fr\/saintbernardenaunis\/wp-content\/uploads\/sites\/13\/2024\/10\/Image1-1-138x300.jpg 138w\" sizes=\"(max-width: 369px) 100vw, 369px\" \/><\/figure>\n","protected":false},"excerpt":{"rendered":"<p>Ce dimanche 6 octobre \u00e9tait un grand jour pour notre paroisse. Le p\u00e8re Martin est venu installer notre nouveau cur\u00e9, le P\u00e8re Auxence PAYIMA. La c\u00e9r\u00e9monie s\u2019est d\u00e9roul\u00e9e dans une [&hellip;]<\/p>\n","protected":false},"author":18,"featured_media":10554,"comment_status":"open","ping_status":"open","sticky":false,"template":"","format":"standard","meta":{"_et_pb_use_builder":"off","_et_pb_old_content":"","_et_gb_content_width":"","footnotes":""},"categories":[6],"tags":[],"class_list":["post-10552","post","type-post","status-publish","format-standard","has-post-thumbnail","hentry","category-actualite"],"_links":{"self":[{"href":"https:\/\/catholiques17.fr\/saintbernardenaunis\/wp-json\/wp\/v2\/posts\/10552","targetHints":{"allow":["GET"]}}],"collection":[{"href":"https:\/\/catholiques17.fr\/saintbernardenaunis\/wp-json\/wp\/v2\/posts"}],"about":[{"href":"https:\/\/catholiques17.fr\/saintbernardenaunis\/wp-json\/wp\/v2\/types\/post"}],"author":[{"embeddable":true,"href":"https:\/\/catholiques17.fr\/saintbernardenaunis\/wp-json\/wp\/v2\/users\/18"}],"replies":[{"embeddable":true,"href":"https:\/\/catholiques17.fr\/saintbernardenaunis\/wp-json\/wp\/v2\/comments?post=10552"}],"version-history":[{"count":3,"href":"https:\/\/catholiques17.fr\/saintbernardenaunis\/wp-json\/wp\/v2\/posts\/10552\/revisions"}],"predecessor-version":[{"id":10561,"href":"https:\/\/catholiques17.fr\/saintbernardenaunis\/wp-json\/wp\/v2\/posts\/10552\/revisions\/10561"}],"wp:featuredmedia":[{"embeddable":true,"href":"https:\/\/catholiques17.fr\/saintbernardenaunis\/wp-json\/wp\/v2\/media\/10554"}],"wp:attachment":[{"href":"https:\/\/catholiques17.fr\/saintbernardenaunis\/wp-json\/wp\/v2\/media?parent=10552"}],"wp:term":[{"taxonomy":"category","embeddable":true,"href":"https:\/\/catholiques17.fr\/saintbernardenaunis\/wp-json\/wp\/v2\/categories?post=10552"},{"taxonomy":"post_tag","embeddable":true,"href":"https:\/\/catholiques17.fr\/saintbernardenaunis\/wp-json\/wp\/v2\/tags?post=10552"}],"curies":[{"name":"wp","href":"https:\/\/api.w.org\/{rel}","templated":true}]}}