{"id":10479,"date":"2024-08-17T11:43:35","date_gmt":"2024-08-17T09:43:35","guid":{"rendered":"https:\/\/catholiques17.fr\/saintbernardenaunis\/?p=10479"},"modified":"2024-08-17T12:05:54","modified_gmt":"2024-08-17T10:05:54","slug":"celebration-de-lassomption-de-la-vierge-marie-et-pique-nique-festif-a-loccasion-du-depart-du-pere-alphonse","status":"publish","type":"post","link":"https:\/\/catholiques17.fr\/saintbernardenaunis\/2024\/08\/17\/celebration-de-lassomption-de-la-vierge-marie-et-pique-nique-festif-a-loccasion-du-depart-du-pere-alphonse\/","title":{"rendered":"C\u00e9l\u00e9bration de l\u2019Assomption de la Vierge Marie et pique-nique festif \u00e0 l\u2019occasion du d\u00e9part du P\u00e8re Alphonse"},"content":{"rendered":"\n<p>C\u2019est sous un magnifique soleil que se sont d\u00e9roul\u00e9es cette ann\u00e9e les c\u00e9l\u00e9brations du 15 ao\u00fbt \u00e0 la Chapelle Notre-Dame des champs&nbsp;!<\/p>\n\n\n\n<figure class=\"wp-block-image aligncenter size-full\"><img loading=\"lazy\" decoding=\"async\" width=\"335\" height=\"445\" src=\"https:\/\/catholiques17.fr\/saintbernardenaunis\/wp-content\/uploads\/sites\/13\/2024\/08\/Image1.jpg\" alt=\"\" class=\"wp-image-10480\" srcset=\"https:\/\/catholiques17.fr\/saintbernardenaunis\/wp-content\/uploads\/sites\/13\/2024\/08\/Image1.jpg 335w, https:\/\/catholiques17.fr\/saintbernardenaunis\/wp-content\/uploads\/sites\/13\/2024\/08\/Image1-226x300.jpg 226w\" sizes=\"(max-width: 335px) 100vw, 335px\" \/><\/figure>\n\n\n\n<p>Une c\u00e9l\u00e9bration toute particuli\u00e8re car c\u2019\u00e9tait \u00e9galement la messe d\u2019au revoir du P\u00e8re Alphonse qui est nomm\u00e9 dans la paroisse St Joseph en pays surg\u00e9rien, notre voisine, \u00e0 compter du 1<sup>er<\/sup> septembre prochain.<\/p>\n\n\n\n<p>Apr\u00e8s la traditionnelle procession dans le parc de la Chapelle et la c\u00e9l\u00e9bration sous le soleil, un mot de remerciement de la part de tous les paroissiens a \u00e9t\u00e9 lu et le P\u00e8re Alphonse s\u2019est vu remettre en cadeau, un bel album photo souvenirs de ces 3 ann\u00e9es dans notre paroisse et une chasuble pour les temps ordinaires (\u00e0 l\u2019image de notre paroisse toute simple et ordinaire) avec une gerbe de bl\u00e9 (en souvenir de notre belle plaine d\u2019Aunis).<\/p>\n\n\n\n<div class=\"wp-block-columns is-layout-flex wp-container-core-columns-is-layout-9d6595d7 wp-block-columns-is-layout-flex\">\n<div class=\"wp-block-column is-layout-flow wp-block-column-is-layout-flow\" style=\"flex-basis:100%\">\n<figure class=\"wp-block-image aligncenter size-full is-resized\"><img loading=\"lazy\" decoding=\"async\" width=\"383\" height=\"287\" src=\"https:\/\/catholiques17.fr\/saintbernardenaunis\/wp-content\/uploads\/sites\/13\/2024\/08\/Image3-2.jpg\" alt=\"\" class=\"wp-image-10485\" style=\"width:248px;height:auto\" srcset=\"https:\/\/catholiques17.fr\/saintbernardenaunis\/wp-content\/uploads\/sites\/13\/2024\/08\/Image3-2.jpg 383w, https:\/\/catholiques17.fr\/saintbernardenaunis\/wp-content\/uploads\/sites\/13\/2024\/08\/Image3-2-300x225.jpg 300w\" sizes=\"(max-width: 383px) 100vw, 383px\" \/><\/figure>\n<\/div>\n<\/div>\n\n\n\n<figure class=\"wp-block-image aligncenter size-full is-resized\"><img loading=\"lazy\" decoding=\"async\" width=\"449\" height=\"596\" src=\"https:\/\/catholiques17.fr\/saintbernardenaunis\/wp-content\/uploads\/sites\/13\/2024\/08\/Image2-2.jpg\" alt=\"\" class=\"wp-image-10486\" style=\"width:221px;height:auto\" srcset=\"https:\/\/catholiques17.fr\/saintbernardenaunis\/wp-content\/uploads\/sites\/13\/2024\/08\/Image2-2.jpg 449w, https:\/\/catholiques17.fr\/saintbernardenaunis\/wp-content\/uploads\/sites\/13\/2024\/08\/Image2-2-226x300.jpg 226w\" sizes=\"(max-width: 449px) 100vw, 449px\" \/><\/figure>\n\n\n\n<p>C\u2019est avec \u00e9motion que le P\u00e8re Alphonse nous a partag\u00e9 qu\u2019un pr\u00eatre n\u2019oublie jamais la 1<sup>\u00e8re<\/sup> paroisse o\u00f9 il a \u00e9t\u00e9 nomm\u00e9 cur\u00e9&nbsp;; St Bernard en Aunis aura donc toujours une place particuli\u00e8re dans son c\u0153ur.<\/p>\n\n\n\n<p>Ce fut ensuite la traditionnelle vente des brioches et la partage du verre de l\u2019amiti\u00e9 suivi d\u2019un pique-nique partag\u00e9 dans les champs sous le barnum g\u00e9n\u00e9reusement pr\u00eat\u00e9. Tout le monde avait mis la main \u00e0 la p\u00e2te et les partage des salades, quiches, tartes et autres gourmandises \u00e9tait savoureux. Merci \u00e0 tous ceux qui ont particip\u00e9 \u00e0 la pr\u00e9paration et l&rsquo;organisation de la c\u00e9l\u00e9bration et de la f\u00eate.<\/p>\n\n\n\n<figure class=\"wp-block-gallery has-nested-images columns-default is-cropped wp-block-gallery-1 is-layout-flex wp-block-gallery-is-layout-flex\">\n<figure class=\"wp-block-image size-large\"><img loading=\"lazy\" decoding=\"async\" width=\"606\" height=\"456\" data-id=\"10487\" src=\"https:\/\/catholiques17.fr\/saintbernardenaunis\/wp-content\/uploads\/sites\/13\/2024\/08\/Image4.jpg\" alt=\"\" class=\"wp-image-10487\" srcset=\"https:\/\/catholiques17.fr\/saintbernardenaunis\/wp-content\/uploads\/sites\/13\/2024\/08\/Image4.jpg 606w, https:\/\/catholiques17.fr\/saintbernardenaunis\/wp-content\/uploads\/sites\/13\/2024\/08\/Image4-480x361.jpg 480w\" sizes=\"(min-width: 0px) and (max-width: 480px) 480px, (min-width: 481px) 606px, 100vw\" \/><\/figure>\n\n\n\n<figure class=\"wp-block-image size-large\"><img loading=\"lazy\" decoding=\"async\" width=\"606\" height=\"456\" data-id=\"10489\" src=\"https:\/\/catholiques17.fr\/saintbernardenaunis\/wp-content\/uploads\/sites\/13\/2024\/08\/Image6.jpg\" alt=\"\" class=\"wp-image-10489\" srcset=\"https:\/\/catholiques17.fr\/saintbernardenaunis\/wp-content\/uploads\/sites\/13\/2024\/08\/Image6.jpg 606w, https:\/\/catholiques17.fr\/saintbernardenaunis\/wp-content\/uploads\/sites\/13\/2024\/08\/Image6-480x361.jpg 480w\" sizes=\"(min-width: 0px) and (max-width: 480px) 480px, (min-width: 481px) 606px, 100vw\" \/><\/figure>\n<\/figure>\n\n\n\n<p>Une belle ambiance, festive et joyeuse partag\u00e9 avec notre cur\u00e9. La derni\u00e8re messe que le P\u00e8re Alphonse c\u00e9l\u00e9brera dans notre paroisse sera le dimanche 1<sup>er<\/sup> septembre \u00e0 Benon&nbsp;; une nouvelle occasion de lui dire au revoir pour celles et ceux qui n\u2019ont pas pu \u00eatre pr\u00e9sents le 15 ao\u00fbt.<\/p>\n","protected":false},"excerpt":{"rendered":"<p>C\u2019est sous un magnifique soleil que se sont d\u00e9roul\u00e9es cette ann\u00e9e les c\u00e9l\u00e9brations du 15 ao\u00fbt \u00e0 la Chapelle Notre-Dame des champs&nbsp;! Une c\u00e9l\u00e9bration toute particuli\u00e8re car c\u2019\u00e9tait \u00e9galement la [&hellip;]<\/p>\n","protected":false},"author":18,"featured_media":10488,"comment_status":"open","ping_status":"open","sticky":false,"template":"","format":"standard","meta":{"_et_pb_use_builder":"off","_et_pb_old_content":"","_et_gb_content_width":"","footnotes":""},"categories":[6],"tags":[],"class_list":["post-10479","post","type-post","status-publish","format-standard","has-post-thumbnail","hentry","category-actualite"],"_links":{"self":[{"href":"https:\/\/catholiques17.fr\/saintbernardenaunis\/wp-json\/wp\/v2\/posts\/10479","targetHints":{"allow":["GET"]}}],"collection":[{"href":"https:\/\/catholiques17.fr\/saintbernardenaunis\/wp-json\/wp\/v2\/posts"}],"about":[{"href":"https:\/\/catholiques17.fr\/saintbernardenaunis\/wp-json\/wp\/v2\/types\/post"}],"author":[{"embeddable":true,"href":"https:\/\/catholiques17.fr\/saintbernardenaunis\/wp-json\/wp\/v2\/users\/18"}],"replies":[{"embeddable":true,"href":"https:\/\/catholiques17.fr\/saintbernardenaunis\/wp-json\/wp\/v2\/comments?post=10479"}],"version-history":[{"count":2,"href":"https:\/\/catholiques17.fr\/saintbernardenaunis\/wp-json\/wp\/v2\/posts\/10479\/revisions"}],"predecessor-version":[{"id":10491,"href":"https:\/\/catholiques17.fr\/saintbernardenaunis\/wp-json\/wp\/v2\/posts\/10479\/revisions\/10491"}],"wp:featuredmedia":[{"embeddable":true,"href":"https:\/\/catholiques17.fr\/saintbernardenaunis\/wp-json\/wp\/v2\/media\/10488"}],"wp:attachment":[{"href":"https:\/\/catholiques17.fr\/saintbernardenaunis\/wp-json\/wp\/v2\/media?parent=10479"}],"wp:term":[{"taxonomy":"category","embeddable":true,"href":"https:\/\/catholiques17.fr\/saintbernardenaunis\/wp-json\/wp\/v2\/categories?post=10479"},{"taxonomy":"post_tag","embeddable":true,"href":"https:\/\/catholiques17.fr\/saintbernardenaunis\/wp-json\/wp\/v2\/tags?post=10479"}],"curies":[{"name":"wp","href":"https:\/\/api.w.org\/{rel}","templated":true}]}}