{"id":10230,"date":"2024-05-07T19:19:59","date_gmt":"2024-05-07T17:19:59","guid":{"rendered":"https:\/\/catholiques17.fr\/saintbernardenaunis\/?p=10230"},"modified":"2024-11-26T20:41:50","modified_gmt":"2024-11-26T19:41:50","slug":"entree-en-catechumenat","status":"publish","type":"post","link":"https:\/\/catholiques17.fr\/saintbernardenaunis\/2024\/05\/07\/entree-en-catechumenat\/","title":{"rendered":"Entr\u00e9e en cat\u00e9chum\u00e9nat !"},"content":{"rendered":"\n<figure class=\"wp-block-pullquote\"><blockquote><p>La gr\u00e2ce des cat\u00e9chum\u00e8nes !<\/p><\/blockquote><\/figure>\n\n\n\n<p>C\u2019\u00e9tait le dimanche 5 mai \u00e0 Benon. Apr\u00e8s la salutation du p\u00e8re Alphonse, un grand bruit s\u2019est fait entendre. Des \u00ab\u00a0gens\u00a0\u00bb frappaient sur la porte de l\u2019\u00e9glise. Le P\u00e8re Alphonse est all\u00e9 accueillir<strong> Amandine, Sol\u00e8ne et Kevin<\/strong> qui frappaient aux portes de l\u2019Eglise pour demander officiellement un sacrement de l&rsquo;initiation chr\u00e9tienne : le bapt\u00eame ou encore l&rsquo;Eucharistie et la Confirmation. Quel beau moment\u00a0! Un grand t\u00e9moignage\u00a0! Nous rendons gr\u00e2ce et confions \u00e0 vos pri\u00e8res ces cat\u00e9chum\u00e8nes. Nous remercions leur accompagnatrice, Isabelle. Le Seigneur est \u00e0 l\u2019\u0153uvre dans les c\u0153urs.\u00a0Emerveillons-nous ensemble de son \u0153uvre. <\/p>\n\n\n\n<figure class=\"wp-block-gallery has-nested-images columns-default is-cropped wp-block-gallery-1 is-layout-flex wp-block-gallery-is-layout-flex\">\n<figure class=\"wp-block-image size-large\"><img loading=\"lazy\" decoding=\"async\" width=\"602\" height=\"800\" data-id=\"10231\" src=\"https:\/\/catholiques17.fr\/saintbernardenaunis\/wp-content\/uploads\/sites\/13\/2024\/05\/Image1.jpg\" alt=\"\" class=\"wp-image-10231\" srcset=\"https:\/\/catholiques17.fr\/saintbernardenaunis\/wp-content\/uploads\/sites\/13\/2024\/05\/Image1.jpg 602w, https:\/\/catholiques17.fr\/saintbernardenaunis\/wp-content\/uploads\/sites\/13\/2024\/05\/Image1-480x638.jpg 480w\" sizes=\"(min-width: 0px) and (max-width: 480px) 480px, (min-width: 481px) 602px, 100vw\" \/><\/figure>\n\n\n\n<figure class=\"wp-block-image size-large\"><img loading=\"lazy\" decoding=\"async\" width=\"800\" height=\"602\" data-id=\"10233\" src=\"https:\/\/catholiques17.fr\/saintbernardenaunis\/wp-content\/uploads\/sites\/13\/2024\/05\/Image2.jpg\" alt=\"\" class=\"wp-image-10233\" srcset=\"https:\/\/catholiques17.fr\/saintbernardenaunis\/wp-content\/uploads\/sites\/13\/2024\/05\/Image2.jpg 800w, https:\/\/catholiques17.fr\/saintbernardenaunis\/wp-content\/uploads\/sites\/13\/2024\/05\/Image2-480x361.jpg 480w\" sizes=\"(min-width: 0px) and (max-width: 480px) 480px, (min-width: 481px) 800px, 100vw\" \/><\/figure>\n\n\n\n<figure class=\"wp-block-image size-large\"><img loading=\"lazy\" decoding=\"async\" width=\"800\" height=\"602\" data-id=\"10232\" src=\"https:\/\/catholiques17.fr\/saintbernardenaunis\/wp-content\/uploads\/sites\/13\/2024\/05\/Image3.jpg\" alt=\"\" class=\"wp-image-10232\" srcset=\"https:\/\/catholiques17.fr\/saintbernardenaunis\/wp-content\/uploads\/sites\/13\/2024\/05\/Image3.jpg 800w, https:\/\/catholiques17.fr\/saintbernardenaunis\/wp-content\/uploads\/sites\/13\/2024\/05\/Image3-480x361.jpg 480w\" sizes=\"(min-width: 0px) and (max-width: 480px) 480px, (min-width: 481px) 800px, 100vw\" \/><\/figure>\n<\/figure>\n\n\n\n<p>Lors de la c\u00e9l\u00e9bration, <strong>le P\u00e8re Alphonse a r\u00e9alis\u00e9 les \u00e9tapes du rituel de l\u2019entr\u00e9e en cat\u00e9chum\u00e9nat<\/strong> : la signation \u00ab\u00a0au nom du P\u00e8re, du Fils et du saint Esprit\u00a0\u00bb, la remise de la croix, la signation des oreilles, des yeux, de la bouche, des \u00e9paules et du c\u0153ur de chaque cat\u00e9chum\u00e8ne et la remise du Nouveau Testament apr\u00e8s l&rsquo;hom\u00e9lie.<\/p>\n\n\n\n<figure class=\"wp-block-gallery has-nested-images columns-default is-cropped wp-block-gallery-2 is-layout-flex wp-block-gallery-is-layout-flex\">\n<figure class=\"wp-block-image size-large\"><img loading=\"lazy\" decoding=\"async\" width=\"800\" height=\"602\" data-id=\"10235\" src=\"https:\/\/catholiques17.fr\/saintbernardenaunis\/wp-content\/uploads\/sites\/13\/2024\/05\/Image4.jpg\" alt=\"\" class=\"wp-image-10235\" srcset=\"https:\/\/catholiques17.fr\/saintbernardenaunis\/wp-content\/uploads\/sites\/13\/2024\/05\/Image4.jpg 800w, https:\/\/catholiques17.fr\/saintbernardenaunis\/wp-content\/uploads\/sites\/13\/2024\/05\/Image4-480x361.jpg 480w\" sizes=\"(min-width: 0px) and (max-width: 480px) 480px, (min-width: 481px) 800px, 100vw\" \/><\/figure>\n\n\n\n<figure class=\"wp-block-image size-large\"><img loading=\"lazy\" decoding=\"async\" width=\"800\" height=\"602\" data-id=\"10236\" src=\"https:\/\/catholiques17.fr\/saintbernardenaunis\/wp-content\/uploads\/sites\/13\/2024\/05\/Image5.jpg\" alt=\"\" class=\"wp-image-10236\" srcset=\"https:\/\/catholiques17.fr\/saintbernardenaunis\/wp-content\/uploads\/sites\/13\/2024\/05\/Image5.jpg 800w, https:\/\/catholiques17.fr\/saintbernardenaunis\/wp-content\/uploads\/sites\/13\/2024\/05\/Image5-480x361.jpg 480w\" sizes=\"(min-width: 0px) and (max-width: 480px) 480px, (min-width: 481px) 800px, 100vw\" \/><\/figure>\n\n\n\n<figure class=\"wp-block-image size-large\"><img loading=\"lazy\" decoding=\"async\" width=\"800\" height=\"602\" data-id=\"10234\" src=\"https:\/\/catholiques17.fr\/saintbernardenaunis\/wp-content\/uploads\/sites\/13\/2024\/05\/Image6.jpg\" alt=\"\" class=\"wp-image-10234\" srcset=\"https:\/\/catholiques17.fr\/saintbernardenaunis\/wp-content\/uploads\/sites\/13\/2024\/05\/Image6.jpg 800w, https:\/\/catholiques17.fr\/saintbernardenaunis\/wp-content\/uploads\/sites\/13\/2024\/05\/Image6-480x361.jpg 480w\" sizes=\"(min-width: 0px) and (max-width: 480px) 480px, (min-width: 481px) 800px, 100vw\" \/><\/figure>\n\n\n\n<figure class=\"wp-block-image size-large\"><img loading=\"lazy\" decoding=\"async\" width=\"800\" height=\"602\" data-id=\"10237\" src=\"https:\/\/catholiques17.fr\/saintbernardenaunis\/wp-content\/uploads\/sites\/13\/2024\/05\/Image7.jpg\" alt=\"\" class=\"wp-image-10237\" srcset=\"https:\/\/catholiques17.fr\/saintbernardenaunis\/wp-content\/uploads\/sites\/13\/2024\/05\/Image7.jpg 800w, https:\/\/catholiques17.fr\/saintbernardenaunis\/wp-content\/uploads\/sites\/13\/2024\/05\/Image7-480x361.jpg 480w\" sizes=\"(min-width: 0px) and (max-width: 480px) 480px, (min-width: 481px) 800px, 100vw\" \/><\/figure>\n<\/figure>\n\n\n\n<p>Les cat\u00e9chum\u00e8nes sont une gr\u00e2ce pour notre \u00c9glise ! Ces hommes et femmes de tous \u00e2ges et de toutes conditions ont \u00e9t\u00e9 rejoints par le Seigneur sur leur chemin d\u2019Emma\u00fcs. Ils sont all\u00e9s frapper un beau jour \u00e0 la porte de notre maison paroissiale, d\u00e9marche qui leur a souvent demand\u00e9 du courage, mais porte qui s\u2019est ouverte d\u2019une \u00c9glise accueillante qui a su conna\u00eetre en eux l\u2019\u0153uvre de la gr\u00e2ce.<\/p>\n\n\n\n<p>Les cat\u00e9chum\u00e8nes sont pour nous le signe que le Seigneur agit lui-m\u00eame pour et dans son \u00c9glise et qu\u2019Il ne cesse d\u2019appeler et de faire des disciples \u00ab&nbsp;de toutes les nations&nbsp;\u00bb.<\/p>\n\n\n\n<p>Soyons pour chacun d&rsquo;eux, une famille accueillante, qui sait prodiguer l\u2019\u00e9coute, la disponibilit\u00e9  et leur pr\u00e9parer une place au sein de notre communaut\u00e9.<\/p>\n","protected":false},"excerpt":{"rendered":"<p>La gr\u00e2ce des cat\u00e9chum\u00e8nes ! C\u2019\u00e9tait le dimanche 5 mai \u00e0 Benon. Apr\u00e8s la salutation du p\u00e8re Alphonse, un grand bruit s\u2019est fait entendre. Des \u00ab\u00a0gens\u00a0\u00bb frappaient sur la porte [&hellip;]<\/p>\n","protected":false},"author":18,"featured_media":0,"comment_status":"open","ping_status":"open","sticky":false,"template":"","format":"standard","meta":{"_et_pb_use_builder":"off","_et_pb_old_content":"","_et_gb_content_width":"","footnotes":""},"categories":[6],"tags":[],"class_list":["post-10230","post","type-post","status-publish","format-standard","hentry","category-actualite"],"_links":{"self":[{"href":"https:\/\/catholiques17.fr\/saintbernardenaunis\/wp-json\/wp\/v2\/posts\/10230","targetHints":{"allow":["GET"]}}],"collection":[{"href":"https:\/\/catholiques17.fr\/saintbernardenaunis\/wp-json\/wp\/v2\/posts"}],"about":[{"href":"https:\/\/catholiques17.fr\/saintbernardenaunis\/wp-json\/wp\/v2\/types\/post"}],"author":[{"embeddable":true,"href":"https:\/\/catholiques17.fr\/saintbernardenaunis\/wp-json\/wp\/v2\/users\/18"}],"replies":[{"embeddable":true,"href":"https:\/\/catholiques17.fr\/saintbernardenaunis\/wp-json\/wp\/v2\/comments?post=10230"}],"version-history":[{"count":1,"href":"https:\/\/catholiques17.fr\/saintbernardenaunis\/wp-json\/wp\/v2\/posts\/10230\/revisions"}],"predecessor-version":[{"id":10238,"href":"https:\/\/catholiques17.fr\/saintbernardenaunis\/wp-json\/wp\/v2\/posts\/10230\/revisions\/10238"}],"wp:attachment":[{"href":"https:\/\/catholiques17.fr\/saintbernardenaunis\/wp-json\/wp\/v2\/media?parent=10230"}],"wp:term":[{"taxonomy":"category","embeddable":true,"href":"https:\/\/catholiques17.fr\/saintbernardenaunis\/wp-json\/wp\/v2\/categories?post=10230"},{"taxonomy":"post_tag","embeddable":true,"href":"https:\/\/catholiques17.fr\/saintbernardenaunis\/wp-json\/wp\/v2\/tags?post=10230"}],"curies":[{"name":"wp","href":"https:\/\/api.w.org\/{rel}","templated":true}]}}