{"id":9987,"date":"2026-02-16T00:26:08","date_gmt":"2026-02-15T23:26:08","guid":{"rendered":"https:\/\/catholiques17.fr\/saintaigulin\/?p=9987"},"modified":"2026-03-10T12:04:06","modified_gmt":"2026-03-10T11:04:06","slug":"careme-2026","status":"publish","type":"post","link":"https:\/\/catholiques17.fr\/saintaigulin\/2026\/02\/16\/careme-2026\/","title":{"rendered":"Car\u00eame 2026"},"content":{"rendered":"\n<div style=\"height:75px\" aria-hidden=\"true\" class=\"wp-block-spacer\"><\/div>\n\n\n\n<div class=\"wp-block-group has-white-color has-cyan-bluish-gray-background-color has-text-color has-background has-link-color wp-elements-21c623aee200614c7c00f0bba44f04a3 is-layout-constrained wp-block-group-is-layout-constrained\">\n<p class=\"has-text-align-center\" style=\"font-size:26px;font-style:normal;font-weight:600\">En ce temps privil\u00e9gi\u00e9 du Car\u00eame,<\/p>\n\n\n\n<p class=\"has-text-align-center\" style=\"font-size:26px;font-style:normal;font-weight:600\">afin que chacun puisse vivre pleinement sa propre d\u00e9marche spirituelle,<\/p>\n\n\n\n<p class=\"has-text-align-center\" style=\"font-size:26px;font-style:normal;font-weight:600\">la paroisse de Saint-Aigulin propose divers parcours:<\/p>\n<\/div>\n\n\n\n<div style=\"height:50px\" aria-hidden=\"true\" class=\"wp-block-spacer\"><\/div>\n\n\n\n<h2 class=\"wp-block-heading\" style=\"text-decoration:underline\">Fiches du dioc\u00e8se :<\/h2>\n\n\n\n<p class=\"has-medium-font-size\">Inscrivez-vous gratuitement \u00e0 la newsletter <a href=\"https:\/\/catholiques17.fr\/newsletter\/\" target=\"_blank\" rel=\"noreferrer noopener\">(ici)<\/a>.<\/p>\n\n\n\n<div style=\"height:25px\" aria-hidden=\"true\" class=\"wp-block-spacer\"><\/div>\n\n\n\n<h2 class=\"wp-block-heading\" style=\"text-decoration:underline\">Prie en chemin :<\/h2>\n\n\n\n<p class=\"has-medium-font-size\">Choisissez une formule de Car\u00eame sur le site j\u00e9suite <em><a href=\"https:\/\/prieenchemin.org\/inscription-careme-26\/#formulaire\" target=\"_blank\" rel=\"noreferrer noopener\">Prie en chemin<\/a><\/em><\/p>\n\n\n\n<div style=\"height:25px\" aria-hidden=\"true\" class=\"wp-block-spacer\"><\/div>\n\n\n\n<h2 class=\"wp-block-heading\" style=\"text-decoration:underline\">Revues Magnificat :<\/h2>\n\n\n\n<ul class=\"wp-block-list has-medium-font-size\">\n<li><em><a href=\"https:\/\/boutique.magnificat.net\/compagnon-de-careme.html\" target=\"_blank\" rel=\"noreferrer noopener\">Le compagnon du Car\u00eame 2026<\/a>.<\/em> Pour avancer vers la source de toute la vie chr\u00e9tienne : P\u00e2ques. Au prix de <strong>4,90\u20ac<\/strong>.<\/li>\n\n\n\n<li><a href=\"https:\/\/boutique.magnificat.net\/jeunesse\/mon-compagnon-vers-paques.html\" target=\"_blank\" rel=\"noreferrer noopener\"><em>Mon compagnon vers P\u00e2ques<\/em><\/a>. Dans la pri\u00e8re et le partage, aimer comme J\u00e9sus. S&rsquo;adresse \u00e0 un public jeune, au prix de <strong>14,90\u20ac<\/strong>.<\/li>\n<\/ul>\n\n\n\n<div style=\"height:25px\" aria-hidden=\"true\" class=\"wp-block-spacer\"><\/div>\n\n\n\n<h2 class=\"wp-block-heading\" style=\"text-decoration:underline\">Prions en Eglise :<\/h2>\n\n\n\n<div class=\"wp-block-group is-layout-constrained wp-block-group-is-layout-constrained\">\n<p class=\"has-medium-font-size\"><em><a href=\"https:\/\/www.prionseneglise.fr\/parcours\/careme\" target=\"_blank\" rel=\"noreferrer noopener\">\u201cLe Seigneur est mon bonheur, chemin vers P\u00e2ques\u201d<\/a><\/em><\/p>\n\n\n\n<p class=\"has-medium-font-size\">Chaque jour, recevez dans votre bo\u00eete mail la m\u00e9ditation du jour (gratuit pour les abonn\u00e9s).<\/p>\n<\/div>\n\n\n\n<div style=\"height:25px\" aria-hidden=\"true\" class=\"wp-block-spacer\"><\/div>\n\n\n\n<h2 class=\"wp-block-heading\" style=\"text-decoration:underline\">Livret CCFD-Terre Solidaire :<\/h2>\n\n\n\n<p class=\"has-medium-font-size\">T\u00e9l\u00e9chargez gratuitement le <a href=\"https:\/\/catholiques17.fr\/saintaigulin\/wp-content\/uploads\/sites\/49\/2026\/02\/ccfd-terresolidaire.org-livre-spirituel-careme-2026-ccfd-terre-solidaire.pdf\" target=\"_blank\" rel=\"noreferrer noopener\">livret spirituel<\/a> du CCFD-Terre Solidaire<\/p>\n\n\n\n<div style=\"height:100px\" aria-hidden=\"true\" class=\"wp-block-spacer\"><\/div>\n","protected":false},"excerpt":{"rendered":"<p>Afin que chacun puisse vivre pleinement sa propre d\u00e9marche spirituelle en ce temps privil\u00e9gi\u00e9 du Car\u00eame, la paroisse de Saint-Aigulin propose divers parcours:<\/p>\n","protected":false},"author":93,"featured_media":9958,"comment_status":"closed","ping_status":"closed","sticky":false,"template":"","format":"standard","meta":{"_et_pb_use_builder":"off","_et_pb_old_content":"","_et_gb_content_width":"795","footnotes":""},"categories":[6,65,19,20,57],"tags":[],"class_list":["post-9987","post","type-post","status-publish","format-standard","has-post-thumbnail","hentry","category-actualite","category-careme","category-diocese","category-eglise-universelle","category-priere"],"_links":{"self":[{"href":"https:\/\/catholiques17.fr\/saintaigulin\/wp-json\/wp\/v2\/posts\/9987","targetHints":{"allow":["GET"]}}],"collection":[{"href":"https:\/\/catholiques17.fr\/saintaigulin\/wp-json\/wp\/v2\/posts"}],"about":[{"href":"https:\/\/catholiques17.fr\/saintaigulin\/wp-json\/wp\/v2\/types\/post"}],"author":[{"embeddable":true,"href":"https:\/\/catholiques17.fr\/saintaigulin\/wp-json\/wp\/v2\/users\/93"}],"replies":[{"embeddable":true,"href":"https:\/\/catholiques17.fr\/saintaigulin\/wp-json\/wp\/v2\/comments?post=9987"}],"version-history":[{"count":16,"href":"https:\/\/catholiques17.fr\/saintaigulin\/wp-json\/wp\/v2\/posts\/9987\/revisions"}],"predecessor-version":[{"id":10007,"href":"https:\/\/catholiques17.fr\/saintaigulin\/wp-json\/wp\/v2\/posts\/9987\/revisions\/10007"}],"wp:featuredmedia":[{"embeddable":true,"href":"https:\/\/catholiques17.fr\/saintaigulin\/wp-json\/wp\/v2\/media\/9958"}],"wp:attachment":[{"href":"https:\/\/catholiques17.fr\/saintaigulin\/wp-json\/wp\/v2\/media?parent=9987"}],"wp:term":[{"taxonomy":"category","embeddable":true,"href":"https:\/\/catholiques17.fr\/saintaigulin\/wp-json\/wp\/v2\/categories?post=9987"},{"taxonomy":"post_tag","embeddable":true,"href":"https:\/\/catholiques17.fr\/saintaigulin\/wp-json\/wp\/v2\/tags?post=9987"}],"curies":[{"name":"wp","href":"https:\/\/api.w.org\/{rel}","templated":true}]}}