{"id":9961,"date":"2026-02-15T19:28:51","date_gmt":"2026-02-15T18:28:51","guid":{"rendered":"https:\/\/catholiques17.fr\/saintaigulin\/?p=9961"},"modified":"2026-02-16T22:41:14","modified_gmt":"2026-02-16T21:41:14","slug":"le-careme-avec-dilexi-te","status":"publish","type":"post","link":"https:\/\/catholiques17.fr\/saintaigulin\/2026\/02\/15\/le-careme-avec-dilexi-te\/","title":{"rendered":"Le Car\u00eame avec Dilexi Te"},"content":{"rendered":"\n<div style=\"height:50px\" aria-hidden=\"true\" class=\"wp-block-spacer\"><\/div>\n\n\n\n<h3 class=\"wp-block-heading has-text-align-center\">Le 9 octobre 2025, le pape L\u00e9on XIV a publi\u00e9 sa premi\u00e8re exhortation apostolique :<\/h3>\n\n\n\n<h3 class=\"wp-block-heading has-text-align-center\"><em><strong>Dilexi te, Je t\u2019ai aim\u00e9<\/strong><\/em>.<\/h3>\n\n\n\n<h3 class=\"wp-block-heading has-text-align-center has-medium-font-size\">C\u2019est avec cette lettre \u00ab&nbsp;sur l\u2019amour envers les pauvres&nbsp;\u00bb que le dioc\u00e8se de La Rochelle vous propose de marcher, tout au long de ce temps du car\u00eame, pour apprendre \u00e0 reconna\u00eetre le Christ en nos fr\u00e8res et s\u0153urs les plus pauvres, pour mieux les aimer et \u00e0 les servir, et pour convertir nos coeurs.<\/h3>\n\n\n\n<h3 class=\"wp-block-heading has-text-align-center has-medium-font-size\">Chaque semaine, retrouvez sur ce site, sur les r\u00e9seaux sociaux et dans la newsletter du dioc\u00e8se des t\u00e9moignages, des extraits de l\u2019exhortation et des textes pour prier.<\/h3>\n\n\n\n<h3 class=\"wp-block-heading has-text-align-center has-medium-font-size\"><strong>Bon et saint temps du car\u00eame !<\/strong><\/h3>\n\n\n\n<h3 class=\"wp-block-heading has-text-align-center has-medium-font-size\"><strong>Belle mont\u00e9e vers P\u00e2ques !<\/strong><\/h3>\n\n\n\n<div style=\"height:46px\" aria-hidden=\"true\" class=\"wp-block-spacer\"><\/div>\n\n\n\n<div class=\"wp-block-buttons is-content-justification-center is-layout-flex wp-container-core-buttons-is-layout-16018d1d wp-block-buttons-is-layout-flex\">\n<div class=\"wp-block-button is-style-fill\"><a class=\"wp-block-button__link has-black-color has-text-color has-background has-link-color has-medium-font-size has-custom-font-size wp-element-button\" href=\"https:\/\/catholiques17.fr\/le-careme-avec-dilexi-te\/\" style=\"background-color:#ffedbc;box-shadow:var(--wp--preset--shadow--crisp)\" target=\"_blank\" rel=\"noreferrer noopener\">Continuer sur le site du Dioc\u00e8se<\/a><\/div>\n<\/div>\n\n\n\n<div style=\"height:32px\" aria-hidden=\"true\" class=\"wp-block-spacer\"><\/div>\n\n\n\n<div class=\"wp-block-buttons is-content-justification-center is-layout-flex wp-container-core-buttons-is-layout-16018d1d wp-block-buttons-is-layout-flex\">\n<div class=\"wp-block-button has-custom-width wp-block-button__width-50 is-style-fill\"><a class=\"wp-block-button__link has-black-color has-text-color has-background has-link-color has-medium-font-size has-custom-font-size wp-element-button\" href=\"https:\/\/catholiques17.fr\/newsletter\/\" style=\"background-color:#ffefbc;box-shadow:var(--wp--preset--shadow--crisp)\" target=\"_blank\" rel=\"noreferrer noopener\">S&rsquo;abonner \u00e0 la news letter du dioc\u00e8se<\/a><\/div>\n<\/div>\n","protected":false},"excerpt":{"rendered":"<p>Le 9 octobre 2025, le pape L\u00e9on XIV a publi\u00e9 sa premi\u00e8re exhortation apostolique : Dilexi te, Je t\u2019ai aim\u00e9. C\u2019est avec cette lettre \u00ab&nbsp;sur l\u2019amour envers les pauvres&nbsp;\u00bb que [&hellip;]<\/p>\n","protected":false},"author":92,"featured_media":9962,"comment_status":"closed","ping_status":"open","sticky":false,"template":"","format":"standard","meta":{"_et_pb_use_builder":"off","_et_pb_old_content":"","_et_gb_content_width":"","footnotes":""},"categories":[6,19],"tags":[],"class_list":["post-9961","post","type-post","status-publish","format-standard","has-post-thumbnail","hentry","category-actualite","category-diocese"],"_links":{"self":[{"href":"https:\/\/catholiques17.fr\/saintaigulin\/wp-json\/wp\/v2\/posts\/9961","targetHints":{"allow":["GET"]}}],"collection":[{"href":"https:\/\/catholiques17.fr\/saintaigulin\/wp-json\/wp\/v2\/posts"}],"about":[{"href":"https:\/\/catholiques17.fr\/saintaigulin\/wp-json\/wp\/v2\/types\/post"}],"author":[{"embeddable":true,"href":"https:\/\/catholiques17.fr\/saintaigulin\/wp-json\/wp\/v2\/users\/92"}],"replies":[{"embeddable":true,"href":"https:\/\/catholiques17.fr\/saintaigulin\/wp-json\/wp\/v2\/comments?post=9961"}],"version-history":[{"count":4,"href":"https:\/\/catholiques17.fr\/saintaigulin\/wp-json\/wp\/v2\/posts\/9961\/revisions"}],"predecessor-version":[{"id":9967,"href":"https:\/\/catholiques17.fr\/saintaigulin\/wp-json\/wp\/v2\/posts\/9961\/revisions\/9967"}],"wp:featuredmedia":[{"embeddable":true,"href":"https:\/\/catholiques17.fr\/saintaigulin\/wp-json\/wp\/v2\/media\/9962"}],"wp:attachment":[{"href":"https:\/\/catholiques17.fr\/saintaigulin\/wp-json\/wp\/v2\/media?parent=9961"}],"wp:term":[{"taxonomy":"category","embeddable":true,"href":"https:\/\/catholiques17.fr\/saintaigulin\/wp-json\/wp\/v2\/categories?post=9961"},{"taxonomy":"post_tag","embeddable":true,"href":"https:\/\/catholiques17.fr\/saintaigulin\/wp-json\/wp\/v2\/tags?post=9961"}],"curies":[{"name":"wp","href":"https:\/\/api.w.org\/{rel}","templated":true}]}}