{"id":9939,"date":"2026-02-13T23:00:04","date_gmt":"2026-02-13T22:00:04","guid":{"rendered":"https:\/\/catholiques17.fr\/saintaigulin\/?p=9939"},"modified":"2026-02-16T22:46:25","modified_gmt":"2026-02-16T21:46:25","slug":"13-mars-journee-memorielle-pour-les-victimes-dabus-dans-leglise","status":"publish","type":"post","link":"https:\/\/catholiques17.fr\/saintaigulin\/2026\/02\/13\/13-mars-journee-memorielle-pour-les-victimes-dabus-dans-leglise\/","title":{"rendered":"13 mars : Journ\u00e9e m\u00e9morielle pour les victimes d\u2019abus dans l\u2019Eglise"},"content":{"rendered":"\n<div style=\"height:50px\" aria-hidden=\"true\" class=\"wp-block-spacer\"><\/div>\n\n\n\n<p class=\"has-medium-font-size\"><strong>Dans un mois, le vendredi 13 mars 2026, aura lieu la journ\u00e9e de pri\u00e8re pour les victimes de violences et d\u2019agressions sexuelles dans l\u2019Eglise\u200b, d\u00e9cid\u00e9e par la conf\u00e9rence des \u00e9v\u00eaques de France.\u00a0<\/strong><\/p>\n\n\n\n<p class=\"has-medium-font-size\">En mars 2021, les \u00e9v\u00eaques r\u00e9unis en assembl\u00e9e pl\u00e9ni\u00e8re ont choisi de mettre en place une journ\u00e9e de pri\u00e8re pour les victimes de violences et agressions sexuelles et d\u2019abus de pouvoir et de conscience au sein de l\u2019Eglise. La date de cette journ\u00e9e m\u00e9morielle est fix\u00e9e au 3e vendredi de Car\u00eame, cette ann\u00e9e le 13 mars.<\/p>\n\n\n\n<p class=\"has-medium-font-size\">Il ne suffit pas que la Conf\u00e9rence des Ev\u00eaques de France ait pris cette d\u00e9cision. A chaque dioc\u00e8se, \u00e0 chaque paroisse, \u00e0 chaque chr\u00e9tien de prendre part \u00e0 cette journ\u00e9e, en priant pour les victimes, en prenant soin d\u2019elles, et en agissant pour que de tels crimes ne puissent pas se reproduire. Nous mettrons en ligne les propositions des paroisses de notre dioc\u00e8se, pour cette journ\u00e9e m\u00e9morielle.<\/p>\n\n\n\n<div style=\"height:53px\" aria-hidden=\"true\" class=\"wp-block-spacer\"><\/div>\n\n\n\n<div class=\"wp-block-buttons has-custom-font-size has-medium-font-size is-horizontal is-content-justification-center is-layout-flex wp-container-core-buttons-is-layout-499968f5 wp-block-buttons-is-layout-flex\">\n<div class=\"wp-block-button\"><a class=\"wp-block-button__link wp-element-button\" href=\"https:\/\/catholiques17.fr\/13-mars-journee-memorielle-pour-les-victimes-dabus-dans-leglise\/\">En savoir plus<\/a><\/div>\n<\/div>\n","protected":false},"excerpt":{"rendered":"<p>Dans un mois, le vendredi 13 mars 2026, aura lieu la journ\u00e9e de pri\u00e8re pour les victimes de violences et d\u2019agressions sexuelles dans l\u2019Eglise\u200b, d\u00e9cid\u00e9e par la conf\u00e9rence des \u00e9v\u00eaques [&hellip;]<\/p>\n","protected":false},"author":93,"featured_media":9918,"comment_status":"closed","ping_status":"open","sticky":false,"template":"","format":"standard","meta":{"_et_pb_use_builder":"off","_et_pb_old_content":"","_et_gb_content_width":"","footnotes":""},"categories":[6,20,49],"tags":[],"class_list":["post-9939","post","type-post","status-publish","format-standard","has-post-thumbnail","hentry","category-actualite","category-eglise-universelle","category-histoire"],"_links":{"self":[{"href":"https:\/\/catholiques17.fr\/saintaigulin\/wp-json\/wp\/v2\/posts\/9939","targetHints":{"allow":["GET"]}}],"collection":[{"href":"https:\/\/catholiques17.fr\/saintaigulin\/wp-json\/wp\/v2\/posts"}],"about":[{"href":"https:\/\/catholiques17.fr\/saintaigulin\/wp-json\/wp\/v2\/types\/post"}],"author":[{"embeddable":true,"href":"https:\/\/catholiques17.fr\/saintaigulin\/wp-json\/wp\/v2\/users\/93"}],"replies":[{"embeddable":true,"href":"https:\/\/catholiques17.fr\/saintaigulin\/wp-json\/wp\/v2\/comments?post=9939"}],"version-history":[{"count":3,"href":"https:\/\/catholiques17.fr\/saintaigulin\/wp-json\/wp\/v2\/posts\/9939\/revisions"}],"predecessor-version":[{"id":9942,"href":"https:\/\/catholiques17.fr\/saintaigulin\/wp-json\/wp\/v2\/posts\/9939\/revisions\/9942"}],"wp:featuredmedia":[{"embeddable":true,"href":"https:\/\/catholiques17.fr\/saintaigulin\/wp-json\/wp\/v2\/media\/9918"}],"wp:attachment":[{"href":"https:\/\/catholiques17.fr\/saintaigulin\/wp-json\/wp\/v2\/media?parent=9939"}],"wp:term":[{"taxonomy":"category","embeddable":true,"href":"https:\/\/catholiques17.fr\/saintaigulin\/wp-json\/wp\/v2\/categories?post=9939"},{"taxonomy":"post_tag","embeddable":true,"href":"https:\/\/catholiques17.fr\/saintaigulin\/wp-json\/wp\/v2\/tags?post=9939"}],"curies":[{"name":"wp","href":"https:\/\/api.w.org\/{rel}","templated":true}]}}