{"id":9879,"date":"2026-02-06T11:11:00","date_gmt":"2026-02-06T10:11:00","guid":{"rendered":"https:\/\/catholiques17.fr\/saintaigulin\/?p=9879"},"modified":"2026-02-16T22:47:12","modified_gmt":"2026-02-16T21:47:12","slug":"en-mars-meres-et-peres-de-famille-sont-invites-a-peleriner","status":"publish","type":"post","link":"https:\/\/catholiques17.fr\/saintaigulin\/2026\/02\/06\/en-mars-meres-et-peres-de-famille-sont-invites-a-peleriner\/","title":{"rendered":"En mars, m\u00e8res et p\u00e8res de famille sont invit\u00e9s \u00e0 p\u00e8leriner !"},"content":{"rendered":"\n<div style=\"height:43px\" aria-hidden=\"true\" class=\"wp-block-spacer\"><\/div>\n\n\n\n<p>C\u2019est maintenant une tradition bien \u00e9tablie dans notre dioc\u00e8se : chaque ann\u00e9e au mois de mars, \u00e0 proximit\u00e9 de la f\u00eate de l\u2019Annonciation pour les unes, et de la f\u00eate de saint Joseph pour les autres, les m\u00e8res&nbsp; et les p\u00e8res de famille sont invit\u00e9s \u00e0 p\u00e8leriner sur les routes de Charente-Maritme. Au programme de ces week-ends deux jours : marche, pri\u00e8re, m\u00e9ditation, partage, vie fraternelle, messe\u2026<\/p>\n\n\n\n<div style=\"height:57px\" aria-hidden=\"true\" class=\"wp-block-spacer\"><\/div>\n\n\n\n<div class=\"wp-block-buttons is-content-justification-center is-layout-flex wp-container-core-buttons-is-layout-16018d1d wp-block-buttons-is-layout-flex\">\n<div class=\"wp-block-button is-style-outline is-style-outline--1\"><a class=\"wp-block-button__link has-luminous-vivid-orange-color has-text-color has-link-color wp-element-button\" href=\"https:\/\/catholiques17.fr\/en-mars-meres-et-peres-de-famille-sont-invites-a-peleriner\/\" target=\"_blank\" rel=\"noreferrer noopener\">Plus de renseignement <\/a><\/div>\n<\/div>\n\n\n\n<div style=\"height:57px\" aria-hidden=\"true\" class=\"wp-block-spacer\"><\/div>\n\n\n\n<div class=\"wp-block-buttons is-layout-flex wp-block-buttons-is-layout-flex\"><\/div>\n\n\n\n<div class=\"wp-block-columns is-layout-flex wp-container-core-columns-is-layout-9d6595d7 wp-block-columns-is-layout-flex\">\n<div class=\"wp-block-column is-layout-flow wp-block-column-is-layout-flow\">\n<figure class=\"wp-block-image size-full\"><img loading=\"lazy\" decoding=\"async\" width=\"566\" height=\"800\" src=\"https:\/\/catholiques17.fr\/saintaigulin\/wp-content\/uploads\/sites\/49\/2026\/02\/Affiche-Pelerinage-Meres-de-famille-2026-1.jpg\" alt=\"\" class=\"wp-image-9883\" srcset=\"https:\/\/catholiques17.fr\/saintaigulin\/wp-content\/uploads\/sites\/49\/2026\/02\/Affiche-Pelerinage-Meres-de-famille-2026-1.jpg 566w, https:\/\/catholiques17.fr\/saintaigulin\/wp-content\/uploads\/sites\/49\/2026\/02\/Affiche-Pelerinage-Meres-de-famille-2026-1-480x678.jpg 480w\" sizes=\"(min-width: 0px) and (max-width: 480px) 480px, (min-width: 481px) 566px, 100vw\" \/><\/figure>\n<\/div>\n\n\n\n<div class=\"wp-block-column is-layout-flow wp-block-column-is-layout-flow\">\n<figure class=\"wp-block-image size-full\"><img loading=\"lazy\" decoding=\"async\" width=\"566\" height=\"800\" src=\"https:\/\/catholiques17.fr\/saintaigulin\/wp-content\/uploads\/sites\/49\/2026\/02\/Pelerinage-Peres-de-famille-2026.jpg\" alt=\"\" class=\"wp-image-9884\" srcset=\"https:\/\/catholiques17.fr\/saintaigulin\/wp-content\/uploads\/sites\/49\/2026\/02\/Pelerinage-Peres-de-famille-2026.jpg 566w, https:\/\/catholiques17.fr\/saintaigulin\/wp-content\/uploads\/sites\/49\/2026\/02\/Pelerinage-Peres-de-famille-2026-480x678.jpg 480w\" sizes=\"(min-width: 0px) and (max-width: 480px) 480px, (min-width: 481px) 566px, 100vw\" \/><\/figure>\n<\/div>\n<\/div>\n","protected":false},"excerpt":{"rendered":"<p>C\u2019est maintenant une tradition bien \u00e9tablie dans notre dioc\u00e8se : chaque ann\u00e9e au mois de mars, \u00e0 proximit\u00e9 de la f\u00eate de l\u2019Annonciation pour les unes, et de la f\u00eate [&hellip;]<\/p>\n","protected":false},"author":92,"featured_media":9880,"comment_status":"closed","ping_status":"open","sticky":false,"template":"","format":"standard","meta":{"_et_pb_use_builder":"off","_et_pb_old_content":"","_et_gb_content_width":"","footnotes":""},"categories":[6,19,30],"tags":[],"class_list":["post-9879","post","type-post","status-publish","format-standard","has-post-thumbnail","hentry","category-actualite","category-diocese","category-pelerinage"],"_links":{"self":[{"href":"https:\/\/catholiques17.fr\/saintaigulin\/wp-json\/wp\/v2\/posts\/9879","targetHints":{"allow":["GET"]}}],"collection":[{"href":"https:\/\/catholiques17.fr\/saintaigulin\/wp-json\/wp\/v2\/posts"}],"about":[{"href":"https:\/\/catholiques17.fr\/saintaigulin\/wp-json\/wp\/v2\/types\/post"}],"author":[{"embeddable":true,"href":"https:\/\/catholiques17.fr\/saintaigulin\/wp-json\/wp\/v2\/users\/92"}],"replies":[{"embeddable":true,"href":"https:\/\/catholiques17.fr\/saintaigulin\/wp-json\/wp\/v2\/comments?post=9879"}],"version-history":[{"count":4,"href":"https:\/\/catholiques17.fr\/saintaigulin\/wp-json\/wp\/v2\/posts\/9879\/revisions"}],"predecessor-version":[{"id":10017,"href":"https:\/\/catholiques17.fr\/saintaigulin\/wp-json\/wp\/v2\/posts\/9879\/revisions\/10017"}],"wp:featuredmedia":[{"embeddable":true,"href":"https:\/\/catholiques17.fr\/saintaigulin\/wp-json\/wp\/v2\/media\/9880"}],"wp:attachment":[{"href":"https:\/\/catholiques17.fr\/saintaigulin\/wp-json\/wp\/v2\/media?parent=9879"}],"wp:term":[{"taxonomy":"category","embeddable":true,"href":"https:\/\/catholiques17.fr\/saintaigulin\/wp-json\/wp\/v2\/categories?post=9879"},{"taxonomy":"post_tag","embeddable":true,"href":"https:\/\/catholiques17.fr\/saintaigulin\/wp-json\/wp\/v2\/tags?post=9879"}],"curies":[{"name":"wp","href":"https:\/\/api.w.org\/{rel}","templated":true}]}}