{"id":9822,"date":"2025-12-26T14:54:22","date_gmt":"2025-12-26T13:54:22","guid":{"rendered":"https:\/\/catholiques17.fr\/saintaigulin\/?p=9822"},"modified":"2026-01-09T14:55:51","modified_gmt":"2026-01-09T13:55:51","slug":"homelie-de-noel","status":"publish","type":"post","link":"https:\/\/catholiques17.fr\/saintaigulin\/2025\/12\/26\/homelie-de-noel\/","title":{"rendered":"Hom\u00e9lie de No\u00ebl"},"content":{"rendered":"\n<div style=\"height:61px\" aria-hidden=\"true\" class=\"wp-block-spacer\"><\/div>\n\n\n\n<p><strong>Hier et aujourd&rsquo;hui<\/strong><\/p>\n\n\n\n<p>Lorsque J\u00e9sus est n\u00e9 \u00e0 Bethl\u00e9em, la situation humaine, \u00e9conomique et politique en Isra\u00ebl-Palestine n&rsquo;\u00e9tait pas de tout repos. La puissance romaine occupait le pays, l&rsquo;ind\u00e9pendance des Juifs n&rsquo;\u00e9tait plus assur\u00e9e. Les habitants \u00e9taient divis\u00e9s, certains \u00e9taient favorables aux Romains, d&rsquo;autres les combattaient, y compris par la guerilla. La mis\u00e8re \u00e9tait importante, l&rsquo;avenir sombre. C&rsquo;est pourtant \u00e0 ce moment-l\u00e0 que Dieu, apr\u00e8s la longue pr\u00e9paration de l&rsquo;Ancien Testament, a d\u00e9cid\u00e9 de venir sur terre et, en devenant homme, de r\u00e9aliser le d\u00e9sir qui est le sien de toute \u00e9ternit\u00e9.<\/p>\n\n\n\n<p>A l&rsquo;heure actuelle, notre situation n&rsquo;est pas facile en France et dans le monde\u00a0: le blocage de nos instances politiques continue au plus haut niveau, la dermatose, maladie des vaches, suscite une nouvelle crise agricole, la guerre n&rsquo;en finit pas entre l&rsquo;Ukraine et le Russie, notre avenir est incertain en beaucoup de domaines.Et pourtant nous croyons que Dieu continue d&rsquo;agir, \u00e0 sa mani\u00e8re discr\u00e8te mais f\u00e9conde. Si nous sommes venus c\u00e9l\u00e9brer sa naissance \u00e0 Bethleem, il y a un peu plus de 2000 ans, c&rsquo;est que nous croyons que No\u00ebl n&rsquo;est pas un conte, n&rsquo;est pas une fable mais un \u00e9v\u00e9nement r\u00e9el. Et J\u00e9sus ne s&rsquo;est pas content\u00e9 d&rsquo;effectuer une visite passag\u00e8re sur terre. M\u00eame s&rsquo;il reste invisible depuis sa R\u00e9surrection, il est toujours pr\u00e9sent et agissant en chacun de nous et dans notre soci\u00e9t\u00e9.<\/p>\n\n\n\n<div style=\"height:38px\" aria-hidden=\"true\" class=\"wp-block-spacer\"><\/div>\n\n\n\n<p><strong>Attir\u00e9s par le n\u00e9gatif<\/strong><\/p>\n\n\n\n<p>Pour discerner sa Pr\u00e9sence et son Action, voyons ce qui est positif dans nos vies personnelles et dans la vie sociale. Il est bien vrai que spontan\u00e9ment nous avons tendance \u00e0 nous plaindre de ce qui va mal. A g\u00e9mir sur les malheurs des temps, m^me s&rsquo;ils sont r\u00e9els. A r\u00e9p\u00e9ter des analyses n\u00e9gatives. A nous attarder sur les \u00e9preuves auxquelles nous sommes confront\u00e9s. A pr\u00eater attention \u00e0 des rumeurs qui entretiennent nos peurs et nos angoisses. Spontan\u00e9ment nous sommes davantage attir\u00e9s par les mauvaises informations, m\u00eame si elles nous sapent le moral, que par les bonnes nouvelles.<\/p>\n\n\n\n<div style=\"height:38px\" aria-hidden=\"true\" class=\"wp-block-spacer\"><\/div>\n\n\n\n<p><strong>Voir le positif<\/strong><\/p>\n\n\n\n<p>Par contre, si nous faisons des efforts pour voir le positif de nos vies, soit autour de nous, soit dans nos vie personnelles, notre regard sur notre soci\u00e9t\u00e9 et notre avenir sera diff\u00e9rent. Soyons attentifs \u00e0 ce qui se fait de bon, de juste, de g\u00e9n\u00e9reux, de fraternel, de solidaire , de d\u00e9vouement. Et \u00e0 ce que nous faisons, nous aussi, de semblable, m\u00eame si c&rsquo;est discret et modeste, \u00e0 la mani\u00e8re de Dieu, car le bien ne fait pas de bruit. Ayons ce regard positif avec lucidit\u00e9, sans na\u00efvet\u00e9 bien entendu. Ce n&rsquo;est pas pour nous rassurer \u00e0 bon compte mais c&rsquo;est pour mieux prendre conscience de la R\u00e9alit\u00e9 nouvelle qui, malgr\u00e9 les apparences, a commenc\u00e9 avec la naissance du Christ. Elle n&rsquo;est pas visible mais elle fait progresser l&rsquo;humanit\u00e9 vers l&rsquo;accomplissement du d\u00e9sir de Dieu.<\/p>\n\n\n\n<div style=\"height:38px\" aria-hidden=\"true\" class=\"wp-block-spacer\"><\/div>\n\n\n\n<p><strong>Dieu r\u00e9alise peu \u00e0 peu son d\u00e9sir<\/strong><\/p>\n\n\n\n<p>Car, depuis toujours, Dieu n&rsquo;a qu&rsquo;un seul d\u00e9sir\u00a0: partager son bonheur et son amour avec l&rsquo;humanit\u00e9 enti\u00e8re. Les sciences actuelles nous l&rsquo;affirment\u00a0: notre univers, qui a commenc\u00e9 il y a pr\u00e8s de 15 milliards d&rsquo;ann\u00e9es, est cr\u00e9\u00e9 en \u00e9volution. D&rsquo;\u00e9tape en \u00e9tape, de transformation en transformation, il a permis, il y a 7 ou 8 millions d&rsquo;ann\u00e9es, l&rsquo;\u00e9mergence de notre humanit\u00e9. Avec le Christ, Dieu devenu homme, une nouvelle \u00e9tape se manifeste\u00a0: tout \u00eatre humain peut participer \u00e0 sa vie, devenir comme Lui et recevoir la pl\u00e9nitude de son humanit\u00e9.No\u00ebl inaugure cette humanit\u00e9 nouvelle, ce monde nouveau voulu par Dieu depuis toujours. Et Dieu tiendra sa Promesse. Celle-ci se r\u00e9alisera, m\u00eame si les p\u00e9ch\u00e9s de l&rsquo;humanit\u00e9 retardent sa r\u00e9alisation.<\/p>\n\n\n\n<div style=\"height:38px\" aria-hidden=\"true\" class=\"wp-block-spacer\"><\/div>\n\n\n\n<p><strong>Chacun est estim\u00e9 par Dieu pour toujours<\/strong><\/p>\n\n\n\n<p>Discerner cette Pr\u00e9sence invisible mais r\u00e9elle du Christ nous permet de croire qu&rsquo;Il agit avec nous dans tout ce qui est positif et qui fait reculer le Mal. Oui, chacun de nous , d\u00e9s maintenant, est aim\u00e9, estim\u00e9 par Dieu, comme l&rsquo;humanit\u00e9 enti\u00e8re. Ah\u00a0! Si chaque participant de cette messe sortait de l&rsquo;\u00e9glise en se disant avec conviction\u00a0: je suis aim\u00e9 de Dieu, je suis estim\u00e9 par Dieu. Ce serait la meilleur mani\u00e8re de c\u00e9l\u00e9brer No\u00ebl\u00a0! Si le Christ m&rsquo;aime moi, comme il aime chaque \u00eatre humain, Il ne peut pas m&rsquo;abandonner en cours de route. Malgr\u00e9 toutes les difficult\u00e9s et les \u00e9preuves qui peuvent nous atteindre, la vie actuelle, m\u00eame si elle est dure, vaut la peine d&rsquo;\u00eatre v\u00e9cue. Elle pr\u00e9pare avec le Christ de Bethleem notre bonheur \u00e9ternel et d\u00e9finitif.<\/p>\n\n\n\n<div style=\"height:62px\" aria-hidden=\"true\" class=\"wp-block-spacer\"><\/div>\n\n\n\n<p class=\"has-text-align-right\">\u00a0 \u00a0 \u00a0 \u00a0 \u00a0 \u00a0 \u00a0 \u00a0 \u00a0 \u00a0 \u00a0 \u00a0 \u00a0 \u00a0 \u00a0 \u00a0 \u00a0 \u00a0 \u00a0 \u00a0 \u00a0 \u00a0 \u00a0 \u00a0 \u00a0 \u00a0 \u00a0 \u00a0 \u00a0 \u00a0 \u00a0 \u00a0 \u00a0 \u00a0 \u00a0 \u00a0 \u00a0 \u00a0 \u00a0 \u00a0 \u00a0 \u00a0 \u00a0 \u00a0 \u00a0 \u00a0 \u00a0 \u00a0 \u00a0 \u00a0 \u00a0 \u00a0 \u00a0 \u00a0 \u00a0 \u00a0 \u00a0 \u00a0 \u00a0 \u00a0 \u00a0 \u00a0 \u00a0 \u00a0 \u00a0 \u00a0 \u00a0 \u00a0 \u00a0 \u00a0 \u00a0 \u00a0 \u00a0 \u00a0 \u00a0 \u00a0 \u00a0 \u00a0 \u00a0 \u00a0 \u00a0 \u00a0 \u00a0 \u00a0 \u00a0 <strong>P\u00e8re Bernard<\/strong><\/p>\n\n\n\n<div style=\"height:62px\" aria-hidden=\"true\" class=\"wp-block-spacer\"><\/div>\n","protected":false},"excerpt":{"rendered":"<p>Hier et aujourd&rsquo;hui Lorsque J\u00e9sus est n\u00e9 \u00e0 Bethl\u00e9em, la situation humaine, \u00e9conomique et politique en Isra\u00ebl-Palestine n&rsquo;\u00e9tait pas de tout repos. La puissance romaine occupait le pays, l&rsquo;ind\u00e9pendance des [&hellip;]<\/p>\n","protected":false},"author":4,"featured_media":9823,"comment_status":"open","ping_status":"open","sticky":false,"template":"","format":"standard","meta":{"_et_pb_use_builder":"off","_et_pb_old_content":"","_et_gb_content_width":"","footnotes":""},"categories":[6,18],"tags":[],"class_list":["post-9822","post","type-post","status-publish","format-standard","has-post-thumbnail","hentry","category-actualite","category-homelie"],"_links":{"self":[{"href":"https:\/\/catholiques17.fr\/saintaigulin\/wp-json\/wp\/v2\/posts\/9822","targetHints":{"allow":["GET"]}}],"collection":[{"href":"https:\/\/catholiques17.fr\/saintaigulin\/wp-json\/wp\/v2\/posts"}],"about":[{"href":"https:\/\/catholiques17.fr\/saintaigulin\/wp-json\/wp\/v2\/types\/post"}],"author":[{"embeddable":true,"href":"https:\/\/catholiques17.fr\/saintaigulin\/wp-json\/wp\/v2\/users\/4"}],"replies":[{"embeddable":true,"href":"https:\/\/catholiques17.fr\/saintaigulin\/wp-json\/wp\/v2\/comments?post=9822"}],"version-history":[{"count":2,"href":"https:\/\/catholiques17.fr\/saintaigulin\/wp-json\/wp\/v2\/posts\/9822\/revisions"}],"predecessor-version":[{"id":9825,"href":"https:\/\/catholiques17.fr\/saintaigulin\/wp-json\/wp\/v2\/posts\/9822\/revisions\/9825"}],"wp:featuredmedia":[{"embeddable":true,"href":"https:\/\/catholiques17.fr\/saintaigulin\/wp-json\/wp\/v2\/media\/9823"}],"wp:attachment":[{"href":"https:\/\/catholiques17.fr\/saintaigulin\/wp-json\/wp\/v2\/media?parent=9822"}],"wp:term":[{"taxonomy":"category","embeddable":true,"href":"https:\/\/catholiques17.fr\/saintaigulin\/wp-json\/wp\/v2\/categories?post=9822"},{"taxonomy":"post_tag","embeddable":true,"href":"https:\/\/catholiques17.fr\/saintaigulin\/wp-json\/wp\/v2\/tags?post=9822"}],"curies":[{"name":"wp","href":"https:\/\/api.w.org\/{rel}","templated":true}]}}