{"id":9806,"date":"2025-12-25T11:23:53","date_gmt":"2025-12-25T10:23:53","guid":{"rendered":"https:\/\/catholiques17.fr\/saintaigulin\/?p=9806"},"modified":"2025-12-09T12:00:59","modified_gmt":"2025-12-09T11:00:59","slug":"noel-dieu-entre-dans-nos-coeurs","status":"publish","type":"post","link":"https:\/\/catholiques17.fr\/saintaigulin\/2025\/12\/25\/noel-dieu-entre-dans-nos-coeurs\/","title":{"rendered":"No\u00ebl : Dieu entre dans nos coeurs"},"content":{"rendered":"\n<div style=\"height:64px\" aria-hidden=\"true\" class=\"wp-block-spacer\"><\/div>\n\n\n\n<p>En ce jour de No\u00ebl, alors que nous venons de d\u00e9poser J\u00e9sus dans nos cr\u00e8ches, nous pouvons m\u00e9diter cet extrait de la lettre apostolique du Pape Fran\u00e7ois qui nous rappelle le sens et la valeur de la cr\u00e8che dans le cheminement vers No\u00ebl.<\/p>\n\n\n\n<div style=\"height:64px\" aria-hidden=\"true\" class=\"wp-block-spacer\"><\/div>\n\n\n\n<p><\/p>\n\n\n\n<blockquote class=\"wp-block-quote is-layout-flow wp-block-quote-is-layout-flow\">\n<p>Le c\u0153ur de la cr\u00e8che commence \u00e0 battre quand, \u00e0 No\u00ebl, nous y d\u00e9posons le santon de l&rsquo;Enfant J\u00e9sus. Dieu se pr\u00e9sente ainsi, dans un enfant, pour \u00eatre accueilli dans nos bras. Dans la faiblesse et la fragilit\u00e9, se cache son pouvoir qui cr\u00e9e et transforme tout. Cela semble impossible, mais c&rsquo;est pourtant ainsi : en J\u00e9sus, Dieu a \u00e9t\u00e9 un enfant et c\u2019est dans cette condition qu\u2019il a voulu r\u00e9v\u00e9ler la grandeur de son amour qui se manifeste dans un sourire et dans l&rsquo;extension de ses mains tendues vers tous.<\/p>\n\n\n\n<p>La naissance d&rsquo;un enfant suscite joie et \u00e9merveillement, car elle nous place devant le grand myst\u00e8re de la vie. En voyant briller les yeux des jeunes mari\u00e9s devant leur enfant nouveau-n\u00e9, nous comprenons les sentiments de Marie et de Joseph qui, regardant l&rsquo;Enfant J\u00e9sus, ont per\u00e7u la pr\u00e9sence de Dieu dans leur vie.<\/p>\n\n\n\n<p>\u00ab&nbsp;La vie s&rsquo;est manifest\u00e9e&nbsp;\u00bb (<em>1Jn<\/em>&nbsp;1, 2) : c&rsquo;est ainsi que l&rsquo;Ap\u00f4tre Jean r\u00e9sume le myst\u00e8re de l&rsquo;Incarnation. La cr\u00e8che nous fait voir, nous fait toucher cet \u00e9v\u00e9nement unique et extraordinaire qui a chang\u00e9 le cours de l&rsquo;histoire et \u00e0 partir duquel la num\u00e9rotation des ann\u00e9es, avant et apr\u00e8s la naissance du Christ, est \u00e9galement ordonn\u00e9e.<\/p>\n\n\n\n<p>La mani\u00e8re d&rsquo;agir de Dieu est presque \u00e9tourdissante, car il semble impossible qu\u2019il renonce \u00e0 sa gloire pour devenir un homme comme nous. Quelle surprise de voir Dieu adopter nos propres comportements : il dort, il t\u00e8te le lait de sa m\u00e8re, il pleure et joue comme tous les enfants ! Comme toujours, Dieu d\u00e9concerte, il est impr\u00e9visible et continuellement hors de nos plans. Ainsi la cr\u00e8che, tout en nous montrant comment Dieu est entr\u00e9 dans le monde, nous pousse \u00e0 r\u00e9fl\u00e9chir sur notre vie ins\u00e9r\u00e9e dans celle de Dieu ; elle nous invite \u00e0 devenir ses disciples si nous voulons atteindre le sens ultime de la vie.<\/p>\n\n\n\n<p>Pape Fran\u00e7ois, 2019, <em><strong>ADMIRABILE SIGNUM<\/strong><\/em><\/p>\n<\/blockquote>\n\n\n\n<div style=\"height:64px\" aria-hidden=\"true\" class=\"wp-block-spacer\"><\/div>\n","protected":false},"excerpt":{"rendered":"<p>En ce jour de No\u00ebl, alors que nous venons de d\u00e9poser J\u00e9sus dans nos cr\u00e8ches, nous pouvons m\u00e9diter cet extrait de la lettre apostolique du Pape Fran\u00e7ois qui nous rappelle [&hellip;]<\/p>\n","protected":false},"author":4,"featured_media":9787,"comment_status":"open","ping_status":"open","sticky":false,"template":"","format":"standard","meta":{"_et_pb_use_builder":"off","_et_pb_old_content":"","_et_gb_content_width":"","footnotes":""},"categories":[6,16],"tags":[],"class_list":["post-9806","post","type-post","status-publish","format-standard","has-post-thumbnail","hentry","category-actualite","category-pape-francois"],"_links":{"self":[{"href":"https:\/\/catholiques17.fr\/saintaigulin\/wp-json\/wp\/v2\/posts\/9806","targetHints":{"allow":["GET"]}}],"collection":[{"href":"https:\/\/catholiques17.fr\/saintaigulin\/wp-json\/wp\/v2\/posts"}],"about":[{"href":"https:\/\/catholiques17.fr\/saintaigulin\/wp-json\/wp\/v2\/types\/post"}],"author":[{"embeddable":true,"href":"https:\/\/catholiques17.fr\/saintaigulin\/wp-json\/wp\/v2\/users\/4"}],"replies":[{"embeddable":true,"href":"https:\/\/catholiques17.fr\/saintaigulin\/wp-json\/wp\/v2\/comments?post=9806"}],"version-history":[{"count":1,"href":"https:\/\/catholiques17.fr\/saintaigulin\/wp-json\/wp\/v2\/posts\/9806\/revisions"}],"predecessor-version":[{"id":9807,"href":"https:\/\/catholiques17.fr\/saintaigulin\/wp-json\/wp\/v2\/posts\/9806\/revisions\/9807"}],"wp:featuredmedia":[{"embeddable":true,"href":"https:\/\/catholiques17.fr\/saintaigulin\/wp-json\/wp\/v2\/media\/9787"}],"wp:attachment":[{"href":"https:\/\/catholiques17.fr\/saintaigulin\/wp-json\/wp\/v2\/media?parent=9806"}],"wp:term":[{"taxonomy":"category","embeddable":true,"href":"https:\/\/catholiques17.fr\/saintaigulin\/wp-json\/wp\/v2\/categories?post=9806"},{"taxonomy":"post_tag","embeddable":true,"href":"https:\/\/catholiques17.fr\/saintaigulin\/wp-json\/wp\/v2\/tags?post=9806"}],"curies":[{"name":"wp","href":"https:\/\/api.w.org\/{rel}","templated":true}]}}