{"id":9795,"date":"2025-12-09T11:11:41","date_gmt":"2025-12-09T10:11:41","guid":{"rendered":"https:\/\/catholiques17.fr\/saintaigulin\/?p=9795"},"modified":"2025-12-09T11:11:42","modified_gmt":"2025-12-09T10:11:42","slug":"plaidoyer-des-eveques-de-france-a-loccasion-du-jubile-des-detenus","status":"publish","type":"post","link":"https:\/\/catholiques17.fr\/saintaigulin\/2025\/12\/09\/plaidoyer-des-eveques-de-france-a-loccasion-du-jubile-des-detenus\/","title":{"rendered":"Plaidoyer des \u00e9v\u00eaques de France \u00e0 l\u2019occasion du Jubil\u00e9 des d\u00e9tenus"},"content":{"rendered":"<p>[et_pb_section fb_built=\u00a0\u00bb1&Prime; theme_builder_area=\u00a0\u00bbpost_content\u00a0\u00bb _builder_version=\u00a0\u00bb4.27.4&Prime; _module_preset=\u00a0\u00bbdefault\u00a0\u00bb custom_padding=\u00a0\u00bb16px|||||\u00a0\u00bb][et_pb_row _builder_version=\u00a0\u00bb4.27.4&Prime; _module_preset=\u00a0\u00bbdefault\u00a0\u00bb theme_builder_area=\u00a0\u00bbpost_content\u00a0\u00bb][et_pb_column _builder_version=\u00a0\u00bb4.27.4&Prime; _module_preset=\u00a0\u00bbdefault\u00a0\u00bb type=\u00a0\u00bb4_4&Prime; theme_builder_area=\u00a0\u00bbpost_content\u00a0\u00bb][et_pb_accordion _builder_version=\u00a0\u00bb4.27.4&Prime; _module_preset=\u00a0\u00bbdefault\u00a0\u00bb theme_builder_area=\u00a0\u00bbpost_content\u00a0\u00bb hover_enabled=\u00a0\u00bb0&Prime; sticky_enabled=\u00a0\u00bb0&Prime;][et_pb_accordion_item _builder_version=\u00a0\u00bb4.27.4&Prime; _module_preset=\u00a0\u00bbdefault\u00a0\u00bb theme_builder_area=\u00a0\u00bbpost_content\u00a0\u00bb open=\u00a0\u00bbon\u00a0\u00bb hover_enabled=\u00a0\u00bb0&Prime; sticky_enabled=\u00a0\u00bb0&Prime;]<\/p>\n<p><strong><em>Dans le cadre du Jubil\u00e9 des d\u00e9tenus, les 13 et 14 d\u00e9cembre 2025, les \u00e9v\u00eaques de France publient ce texte sur la situation carc\u00e9rale en France pour inviter les catholiques et toutes les personnes de bonne volont\u00e9 \u00e0 s\u2019engager au service de l\u2019esp\u00e9rance pour les d\u00e9tenus.<\/em><\/strong><\/p>\n<p><strong><\/strong><\/p>\n<p>Cette ann\u00e9e 2025 est une ann\u00e9e jubilaire. Cette tradition s\u2019origine dans un appel ancien qui vient de la Parole de Dieu, o\u00f9 \u00e0 intervalle r\u00e9gulier on annon\u00e7ait une ann\u00e9e de cl\u00e9mence et de lib\u00e9ration pour le peuple. J\u00e9sus-Christ lui-m\u00eame l\u2019a reprise en inaugurant sa vie publique : \u201cLe Seigneur m\u2019a envoy\u00e9 porter la bonne nouvelle aux humbles, gu\u00e9rir ceux qui ont le c\u0153ur bris\u00e9, proclamer aux captifs la d\u00e9livrance, aux prisonniers leur lib\u00e9ration\u2026 \u201c (Is 61,1-2). \u201cL\u2019esp\u00e9rance ne d\u00e9\u00e7oit pas !\u201d Le pape Fran\u00e7ois a voulu que la c\u00e9l\u00e9bration de cette ann\u00e9e jubilaire invite toutes celles et ceux qui sont \u00e9prouv\u00e9s \u00e0 demeurer dans l\u2019esp\u00e9rance. Celles et ceux qui sont en prison en font partie et le 14 d\u00e9cembre a \u00e9t\u00e9 retenu pour c\u00e9l\u00e9brer le Jubil\u00e9 en d\u00e9tention.<\/p>\n<p>Aujourd\u2019hui, la surpopulation carc\u00e9rale atteint un seuil historique en France. Elle contribue \u00e0 une prise en charge d\u00e9grad\u00e9e \u2013 sentiment d\u2019humiliation, augmentation de la violence et de l\u2019oisivet\u00e9, perte du sens du travail pour les agents p\u00e9nitentiaires. Elle emp\u00eache que les personnes d\u00e9tenues ressortent \u201cmeilleures\u201d qu\u2019au moment de leur incarc\u00e9ration et g\u00e9n\u00e8re ainsi plus de r\u00e9cidive que de s\u00e9curit\u00e9. Pour la soci\u00e9t\u00e9, la prison est la sanction la plus co\u00fbteuse, non seulement financi\u00e8rement mais en termes de r\u00e9cidive. Toute mesure qui vise \u00e0 augmenter la population carc\u00e9rale va \u00e0 l\u2019encontre de la s\u00e9curit\u00e9 de nos concitoyens.<\/p>\n<p>[\/et_pb_accordion_item][et_pb_accordion_item title=\u00a0\u00bbLire la suite\u00a0\u00bb _builder_version=\u00a0\u00bb4.27.4&Prime; _module_preset=\u00a0\u00bbdefault\u00a0\u00bb theme_builder_area=\u00a0\u00bbpost_content\u00a0\u00bb open=\u00a0\u00bboff\u00a0\u00bb hover_enabled=\u00a0\u00bb0&Prime; sticky_enabled=\u00a0\u00bb0&Prime;]<\/p>\n<p>Si la Justice doit l\u00e9gitimement sanctionner les crimes et d\u00e9lits, la loi pose le principe d\u2019une peine qui vise \u00e0 pr\u00e9venir leur r\u00e9it\u00e9ration et \u00e0 r\u00e9ins\u00e9rer leurs auteurs. N\u2019appr\u00e9hender la sanction que comme ch\u00e2timent qui doit faire mal, r\u00e9duirait la peine \u00e0 d\u00e9shumaniser au lieu de relever. Choisir de restaurer dans leur humanit\u00e9 ceux qui ont failli en les aidant \u00e0 assumer leur responsabilit\u00e9 et \u00e0 envisager un nouvel avenir, c\u2019est l\u2019int\u00e9r\u00eat de toute la soci\u00e9t\u00e9, \u00e0 commencer par les victimes. Des prisons qui d\u00e9bordent sont des prisons qui d\u00e9truisent, o\u00f9 l\u2019on n\u2019enferme pas seulement les personnes condamn\u00e9es derri\u00e8re des murs mais dans une d\u00e9ch\u00e9ance d\u00e9sesp\u00e9r\u00e9e, comme s\u2019il n\u2019y avait plus rien \u00e0 attendre d\u2019elles. Personne n\u2019y a int\u00e9r\u00eat.<\/p>\n<p>\u00c0 l\u2019occasion du Jubil\u00e9 des personnes d\u00e9tenues, nous tenons \u00e0 rappeler que tout \u00eatre humain est cr\u00e9\u00e9 \u00e0 l\u2019image de Dieu et que la dignit\u00e9 qui en r\u00e9sulte est inali\u00e9nable, indestructible. Personne ne peut \u00eatre r\u00e9duit \u00e0 l\u2019acte qu\u2019il a commis, quel qu\u2019il soit. La r\u00e9v\u00e9lation de Dieu en J\u00e9sus-Christ nous dit qu\u2019il paye de sa personne pour nous arracher au pouvoir du mal. L\u2019\u00c9vangile nous montre \u00e0 chaque page J\u00e9sus qui fait bon accueil aux p\u00e9cheurs, mange avec eux, les rel\u00e8ve.<\/p>\n<p>Nos aum\u00f4niers en d\u00e9tention sont t\u00e9moins que derri\u00e8re les murs d\u2019une prison, l\u2019amour du Christ rel\u00e8ve, r\u00e9concilie et ouvre \u00e0 l\u2019esp\u00e9rance. La foi en un Dieu crucifi\u00e9 entre deux condamn\u00e9s de droit commun pour nous lib\u00e9rer du cycle infernal de notre violence, ne peut s\u2019accommoder du renoncement \u00e0 croire en ce que chacun porte en lui de meilleur, de la d\u00e9sesp\u00e9rance de l\u2019autre, d\u2019une justice qui ne ferait que punir sans restaurer, d\u2019une peine dans laquelle on n\u2019offre pas \u00e0 la personne condamn\u00e9e les moyens d\u2019aller vers le meilleur d\u2019elle-m\u00eame.<\/p>\n<p>La Bonne Nouvelle de la r\u00e9v\u00e9lation en J\u00e9sus-Christ est la r\u00e9demption de l\u2019humanit\u00e9 et elle rejoint, au-del\u00e0 du cercle des croyants, la vision d\u2019une communaut\u00e9 fraternelle inscrite dans la devise de notre R\u00e9publique.<\/p>\n<p>Devant ce constat alarmant et inqui\u00e9tant, nous souhaitons interpeler les responsables politiques et les juges de notre pays afin que nous nous engagions d\u00e9lib\u00e9r\u00e9ment sur des voies nouvelles pour exercer la justice et condamner ceux qui commettent des infractions ou m\u00eame des crimes. Le \u201ctout carc\u00e9ral\u201d est une impasse. Il existe d\u2019autres mani\u00e8res de sanctionner en respectant vraiment la dignit\u00e9 des personnes tout en permettant un changement de comportement.<\/p>\n<p>Nous appelons non seulement les catholiques, mais aussi toutes les femmes et les hommes de bonne volont\u00e9, \u00e0 ne pas renoncer \u00e0 la perspective d\u2019une fraternit\u00e9 inclusive qui est au fondement de notre soci\u00e9t\u00e9, \u00e0 r\u00e9sister \u00e0 la m\u00e9fiance, au rejet de l\u2019autre. D\u00e9sesp\u00e9rer de l\u2019autre conduit \u00e0 un monde infernal fait d\u2019exclusion et de violence toujours plus grande, \u00e0 une soci\u00e9t\u00e9 de plus en plus fractur\u00e9e.<\/p>\n<p>Cultivons la confiance, prenons soin de celles et ceux qui ont besoin d\u2019\u00eatre relev\u00e9s.<\/p>\n<p>L\u2019Esp\u00e9rance ne d\u00e9\u00e7oit pas !<\/p>\n<p>&nbsp;<\/p>\n<p><strong>Cardinal Jean-Marc Aveline,<\/strong><br \/>Archev\u00eaque de Marseille<br \/>Pr\u00e9sident de la Conf\u00e9rence des \u00e9v\u00eaques de France<\/p>\n<p><strong>Mgr Denis Jachiet,<\/strong><br \/>\u00c9v\u00eaque de Belfort-Montb\u00e9liard<br \/>Pr\u00e9sident de la commission Dialogue, bien commun et amiti\u00e9 sociale<\/p>\n<p><strong>Mgr Jean-Luc Brunin,<\/strong><br \/>\u00c9v\u00eaque du Havre,<br \/>\u00c9v\u00eaque r\u00e9f\u00e9rent de l\u2019aum\u00f4nerie catholique des prisons<\/p>\n<p><strong>Bruno Lachnitt,<\/strong><br \/>Aum\u00f4nier g\u00e9n\u00e9ral de l\u2019aum\u00f4nerie catholique des prisons<\/p>\n<p>[\/et_pb_accordion_item][\/et_pb_accordion][\/et_pb_column][\/et_pb_row][\/et_pb_section]<\/p>\n","protected":false},"excerpt":{"rendered":"<p>Dans le cadre du Jubil\u00e9 des d\u00e9tenus, les 13 et 14 d\u00e9cembre 2025, les \u00e9v\u00eaques de France publient ce texte sur la situation carc\u00e9rale en France pour inviter les catholiques [&hellip;]<\/p>\n","protected":false},"author":4,"featured_media":9796,"comment_status":"open","ping_status":"open","sticky":false,"template":"","format":"standard","meta":{"_et_pb_use_builder":"on","_et_pb_old_content":"","_et_gb_content_width":"","footnotes":""},"categories":[6,60,20],"tags":[],"class_list":["post-9795","post","type-post","status-publish","format-standard","has-post-thumbnail","hentry","category-actualite","category-annee-sainte","category-eglise-universelle"],"_links":{"self":[{"href":"https:\/\/catholiques17.fr\/saintaigulin\/wp-json\/wp\/v2\/posts\/9795","targetHints":{"allow":["GET"]}}],"collection":[{"href":"https:\/\/catholiques17.fr\/saintaigulin\/wp-json\/wp\/v2\/posts"}],"about":[{"href":"https:\/\/catholiques17.fr\/saintaigulin\/wp-json\/wp\/v2\/types\/post"}],"author":[{"embeddable":true,"href":"https:\/\/catholiques17.fr\/saintaigulin\/wp-json\/wp\/v2\/users\/4"}],"replies":[{"embeddable":true,"href":"https:\/\/catholiques17.fr\/saintaigulin\/wp-json\/wp\/v2\/comments?post=9795"}],"version-history":[{"count":2,"href":"https:\/\/catholiques17.fr\/saintaigulin\/wp-json\/wp\/v2\/posts\/9795\/revisions"}],"predecessor-version":[{"id":9799,"href":"https:\/\/catholiques17.fr\/saintaigulin\/wp-json\/wp\/v2\/posts\/9795\/revisions\/9799"}],"wp:featuredmedia":[{"embeddable":true,"href":"https:\/\/catholiques17.fr\/saintaigulin\/wp-json\/wp\/v2\/media\/9796"}],"wp:attachment":[{"href":"https:\/\/catholiques17.fr\/saintaigulin\/wp-json\/wp\/v2\/media?parent=9795"}],"wp:term":[{"taxonomy":"category","embeddable":true,"href":"https:\/\/catholiques17.fr\/saintaigulin\/wp-json\/wp\/v2\/categories?post=9795"},{"taxonomy":"post_tag","embeddable":true,"href":"https:\/\/catholiques17.fr\/saintaigulin\/wp-json\/wp\/v2\/tags?post=9795"}],"curies":[{"name":"wp","href":"https:\/\/api.w.org\/{rel}","templated":true}]}}