{"id":9612,"date":"2025-10-03T17:00:00","date_gmt":"2025-10-03T15:00:00","guid":{"rendered":"https:\/\/catholiques17.fr\/saintaigulin\/?p=9612"},"modified":"2025-10-21T17:00:21","modified_gmt":"2025-10-21T15:00:21","slug":"feter-saint-luc-patron-des-soignants","status":"publish","type":"post","link":"https:\/\/catholiques17.fr\/saintaigulin\/2025\/10\/03\/feter-saint-luc-patron-des-soignants\/","title":{"rendered":"F\u00eater Saint Luc, patron des soignants"},"content":{"rendered":"\n<div style=\"height:70px\" aria-hidden=\"true\" class=\"wp-block-spacer\"><\/div>\n\n\n\n<h4 class=\"wp-block-heading\">Dans le cadre de ses activit\u00e9s annuelles, l\u2019\u00e9quipe pastorale de la sant\u00e9 du dioc\u00e8se de la Rochelle organise le 2e&nbsp;\u00e9dition de la&nbsp;<strong>Saint Luc&nbsp;: patron des m\u00e9decins<\/strong>.<\/h4>\n\n\n\n<p>Nous vous attendons nombreux le&nbsp;<strong>Samedi 18 octobre 2025<\/strong>&nbsp;\u00e0 la maison dioc\u00e9saine \u00e0 Saintes&nbsp;: M\u00e9decins, Soignants, membres d\u2019aum\u00f4neries des h\u00f4pitaux, les \u00e9quipes du service \u00e9vang\u00e9lique des malades et de la pastorale des personnes handicap\u00e9es, aidants, \u00e9l\u00e8ves infirmiers, ambulanciers, kin\u00e9sith\u00e9rapeutes, Associations des soins palliatifs, les hospitaliers, groupe bio\u00e9thique, animateurs maisons de retraite, mouvements ou associations comme l\u2019ORDRE de MALTE, la Soci\u00e9t\u00e9 ST Vincent de Paul, le Secours catholique\u2026<\/p>\n\n\n\n<div style=\"height:60px\" aria-hidden=\"true\" class=\"wp-block-spacer\"><\/div>\n\n\n\n<div class=\"wp-block-buttons is-content-justification-center is-layout-flex wp-container-core-buttons-is-layout-16018d1d wp-block-buttons-is-layout-flex\">\n<div class=\"wp-block-button is-style-outline is-style-outline--1\"><a class=\"wp-block-button__link has-white-background-color has-text-color has-background has-link-color wp-element-button\" href=\"https:\/\/catholiques17.fr\/feter-saint-luc-patron-des-soignants\/\" style=\"color:#127ab7\" target=\"_blank\" rel=\"noreferrer noopener\">D\u00e9couvrez le programme sur le site du dioc\u00e8se<\/a><\/div>\n<\/div>\n\n\n\n<div style=\"height:60px\" aria-hidden=\"true\" class=\"wp-block-spacer\"><\/div>\n","protected":false},"excerpt":{"rendered":"<p>Dans le cadre de ses activit\u00e9s annuelles, l\u2019\u00e9quipe pastorale de la sant\u00e9 du dioc\u00e8se de la Rochelle organise le 2e&nbsp;\u00e9dition de la&nbsp;Saint Luc&nbsp;: patron des m\u00e9decins. Nous vous attendons nombreux [&hellip;]<\/p>\n","protected":false},"author":4,"featured_media":9613,"comment_status":"open","ping_status":"open","sticky":false,"template":"","format":"standard","meta":{"_et_pb_use_builder":"off","_et_pb_old_content":"","_et_gb_content_width":"","footnotes":""},"categories":[6,19],"tags":[],"class_list":["post-9612","post","type-post","status-publish","format-standard","has-post-thumbnail","hentry","category-actualite","category-diocese"],"_links":{"self":[{"href":"https:\/\/catholiques17.fr\/saintaigulin\/wp-json\/wp\/v2\/posts\/9612","targetHints":{"allow":["GET"]}}],"collection":[{"href":"https:\/\/catholiques17.fr\/saintaigulin\/wp-json\/wp\/v2\/posts"}],"about":[{"href":"https:\/\/catholiques17.fr\/saintaigulin\/wp-json\/wp\/v2\/types\/post"}],"author":[{"embeddable":true,"href":"https:\/\/catholiques17.fr\/saintaigulin\/wp-json\/wp\/v2\/users\/4"}],"replies":[{"embeddable":true,"href":"https:\/\/catholiques17.fr\/saintaigulin\/wp-json\/wp\/v2\/comments?post=9612"}],"version-history":[{"count":2,"href":"https:\/\/catholiques17.fr\/saintaigulin\/wp-json\/wp\/v2\/posts\/9612\/revisions"}],"predecessor-version":[{"id":9615,"href":"https:\/\/catholiques17.fr\/saintaigulin\/wp-json\/wp\/v2\/posts\/9612\/revisions\/9615"}],"wp:featuredmedia":[{"embeddable":true,"href":"https:\/\/catholiques17.fr\/saintaigulin\/wp-json\/wp\/v2\/media\/9613"}],"wp:attachment":[{"href":"https:\/\/catholiques17.fr\/saintaigulin\/wp-json\/wp\/v2\/media?parent=9612"}],"wp:term":[{"taxonomy":"category","embeddable":true,"href":"https:\/\/catholiques17.fr\/saintaigulin\/wp-json\/wp\/v2\/categories?post=9612"},{"taxonomy":"post_tag","embeddable":true,"href":"https:\/\/catholiques17.fr\/saintaigulin\/wp-json\/wp\/v2\/tags?post=9612"}],"curies":[{"name":"wp","href":"https:\/\/api.w.org\/{rel}","templated":true}]}}