{"id":9576,"date":"2025-10-21T15:50:46","date_gmt":"2025-10-21T13:50:46","guid":{"rendered":"https:\/\/catholiques17.fr\/saintaigulin\/?p=9576"},"modified":"2025-10-21T15:50:48","modified_gmt":"2025-10-21T13:50:48","slug":"ecoutez-linterview-de-mgr-bozo-sur-rcf","status":"publish","type":"post","link":"https:\/\/catholiques17.fr\/saintaigulin\/2025\/10\/21\/ecoutez-linterview-de-mgr-bozo-sur-rcf\/","title":{"rendered":"Ecoutez l&rsquo;interview de Mgr Bozo sur RCF"},"content":{"rendered":"<p>[et_pb_section fb_built=\u00a0\u00bb1&Prime; theme_builder_area=\u00a0\u00bbpost_content\u00a0\u00bb _builder_version=\u00a0\u00bb4.27.4&Prime; _module_preset=\u00a0\u00bbdefault\u00a0\u00bb][et_pb_row _builder_version=\u00a0\u00bb4.27.4&Prime; _module_preset=\u00a0\u00bbdefault\u00a0\u00bb theme_builder_area=\u00a0\u00bbpost_content\u00a0\u00bb][et_pb_column _builder_version=\u00a0\u00bb4.27.4&Prime; _module_preset=\u00a0\u00bbdefault\u00a0\u00bb type=\u00a0\u00bb4_4&Prime; theme_builder_area=\u00a0\u00bbpost_content\u00a0\u00bb][et_pb_text _builder_version=\u00a0\u00bb4.27.4&Prime; _module_preset=\u00a0\u00bbdefault\u00a0\u00bb theme_builder_area=\u00a0\u00bbpost_content\u00a0\u00bb hover_enabled=\u00a0\u00bb0&Prime; sticky_enabled=\u00a0\u00bb0&Prime;]<\/p>\n<p>Monseigneur Pierre-Antoine Bozo sera install\u00e9 comme \u00e9v\u00eaque coadjuteur de La Rochelle dimanche 19 octobre en la cath\u00e9drale Saint-Louis de La Rochelle.<\/p>\n<p>Avant cette c\u00e9l\u00e9bration,<span>\u00a0<\/span><a href=\"https:\/\/www.rcf.fr\/articles\/actualite\/entretien-monseigneur-bozo-nouvel-eveque-coadjuteur-de-la-rochelle-et-saintes\">Mgr Bozo a r\u00e9pondu aux questions de RCF<\/a>. D\u00e9couvrez son parcours de chr\u00e9tien, de pr\u00eatre et d\u2019\u00e9v\u00eaque, ce qu\u2019il retient de ses ann\u00e9es dans le dioc\u00e8se de Limoges, et ce \u00e0 quoi il se pr\u00e9pare en arrivant dans le dioc\u00e8se de La Rochelle.<\/p>\n<p>[\/et_pb_text][\/et_pb_column][\/et_pb_row][et_pb_row _builder_version=\u00a0\u00bb4.27.4&Prime; _module_preset=\u00a0\u00bbdefault\u00a0\u00bb theme_builder_area=\u00a0\u00bbpost_content\u00a0\u00bb][et_pb_column _builder_version=\u00a0\u00bb4.27.4&Prime; _module_preset=\u00a0\u00bbdefault\u00a0\u00bb type=\u00a0\u00bb4_4&Prime; theme_builder_area=\u00a0\u00bbpost_content\u00a0\u00bb][et_pb_code _builder_version=\u00a0\u00bb4.27.4&Prime; _module_preset=\u00a0\u00bbdefault\u00a0\u00bb theme_builder_area=\u00a0\u00bbpost_content\u00a0\u00bb hover_enabled=\u00a0\u00bb0&Prime; sticky_enabled=\u00a0\u00bb0&Prime;]<iframe allowfullscreen width=100% height=140px src=\"https:\/\/www.rcf.fr\/actualite\/grand-temoin-region-en-nouvelleaquitaine\/embed?episodeId=622166\"><\/iframe>[\/et_pb_code][\/et_pb_column][\/et_pb_row][\/et_pb_section]<\/p>\n","protected":false},"excerpt":{"rendered":"<p>Monseigneur Pierre-Antoine Bozo sera install\u00e9 comme \u00e9v\u00eaque coadjuteur de La Rochelle dimanche 19 octobre en la cath\u00e9drale Saint-Louis de La Rochelle. Avant cette c\u00e9l\u00e9bration,\u00a0Mgr Bozo a r\u00e9pondu aux questions de [&hellip;]<\/p>\n","protected":false},"author":4,"featured_media":9577,"comment_status":"open","ping_status":"open","sticky":false,"template":"","format":"standard","meta":{"_et_pb_use_builder":"on","_et_pb_old_content":"","_et_gb_content_width":"","footnotes":""},"categories":[6,19],"tags":[],"class_list":["post-9576","post","type-post","status-publish","format-standard","has-post-thumbnail","hentry","category-actualite","category-diocese"],"_links":{"self":[{"href":"https:\/\/catholiques17.fr\/saintaigulin\/wp-json\/wp\/v2\/posts\/9576","targetHints":{"allow":["GET"]}}],"collection":[{"href":"https:\/\/catholiques17.fr\/saintaigulin\/wp-json\/wp\/v2\/posts"}],"about":[{"href":"https:\/\/catholiques17.fr\/saintaigulin\/wp-json\/wp\/v2\/types\/post"}],"author":[{"embeddable":true,"href":"https:\/\/catholiques17.fr\/saintaigulin\/wp-json\/wp\/v2\/users\/4"}],"replies":[{"embeddable":true,"href":"https:\/\/catholiques17.fr\/saintaigulin\/wp-json\/wp\/v2\/comments?post=9576"}],"version-history":[{"count":2,"href":"https:\/\/catholiques17.fr\/saintaigulin\/wp-json\/wp\/v2\/posts\/9576\/revisions"}],"predecessor-version":[{"id":9579,"href":"https:\/\/catholiques17.fr\/saintaigulin\/wp-json\/wp\/v2\/posts\/9576\/revisions\/9579"}],"wp:featuredmedia":[{"embeddable":true,"href":"https:\/\/catholiques17.fr\/saintaigulin\/wp-json\/wp\/v2\/media\/9577"}],"wp:attachment":[{"href":"https:\/\/catholiques17.fr\/saintaigulin\/wp-json\/wp\/v2\/media?parent=9576"}],"wp:term":[{"taxonomy":"category","embeddable":true,"href":"https:\/\/catholiques17.fr\/saintaigulin\/wp-json\/wp\/v2\/categories?post=9576"},{"taxonomy":"post_tag","embeddable":true,"href":"https:\/\/catholiques17.fr\/saintaigulin\/wp-json\/wp\/v2\/tags?post=9576"}],"curies":[{"name":"wp","href":"https:\/\/api.w.org\/{rel}","templated":true}]}}