{"id":9243,"date":"2024-11-07T12:22:02","date_gmt":"2024-11-07T11:22:02","guid":{"rendered":"https:\/\/catholiques17.fr\/saintaigulin\/?p=9243"},"modified":"2024-11-07T12:22:03","modified_gmt":"2024-11-07T11:22:03","slug":"soiree-cine-debat-avec-le-ccfd","status":"publish","type":"post","link":"https:\/\/catholiques17.fr\/saintaigulin\/2024\/11\/07\/soiree-cine-debat-avec-le-ccfd\/","title":{"rendered":"Soir\u00e9e Cin\u00e9-D\u00e9bat avec le CCFD"},"content":{"rendered":"\n<div style=\"height:69px\" aria-hidden=\"true\" class=\"wp-block-spacer\"><\/div>\n\n\n\n<p>Les associations CMR 17 et CCFD Terre Solidaire vous invitent \u00e0 participer \u00e0 la soir\u00e9e Cin\u00e9-D\u00e9bat qui aura lieu le vendredi 15 Novembre, \u00e0 18 h 00 au Cin\u00e9ma Andronis  (1, Rue Jacques Beaumont, 17130 MONTENDRE).<\/p>\n\n\n\n<p>Cette soir\u00e9e sera l&rsquo;occasion de s&rsquo;interroger sur notre posture de consommateur : peut-on soutenir les \u00e9leveurs laitiers fran\u00e7ais et africains ?<br>De quels leviers dispose-t-on pour \u00eatre solidaires ?<\/p>\n\n\n\n<div style=\"height:41px\" aria-hidden=\"true\" class=\"wp-block-spacer\"><\/div>\n\n\n\n<p class=\"has-text-align-center\"><strong>N&rsquo;h\u00e9sitez pas \u00e0 inviter largement vos connaissances et amis pour vivre cette soir\u00e9e passionnante !<\/strong><\/p>\n\n\n\n<div style=\"height:62px\" aria-hidden=\"true\" class=\"wp-block-spacer\"><\/div>\n","protected":false},"excerpt":{"rendered":"<p>Les associations CMR 17 et CCFD Terre Solidaire vous invitent \u00e0 participer \u00e0 la soir\u00e9e Cin\u00e9-D\u00e9bat qui aura lieu le vendredi 15 Novembre, \u00e0 18 h 00 au Cin\u00e9ma Andronis [&hellip;]<\/p>\n","protected":false},"author":4,"featured_media":9242,"comment_status":"open","ping_status":"open","sticky":false,"template":"","format":"standard","meta":{"_et_pb_use_builder":"off","_et_pb_old_content":"","_et_gb_content_width":"","footnotes":""},"categories":[6,22],"tags":[],"class_list":["post-9243","post","type-post","status-publish","format-standard","has-post-thumbnail","hentry","category-actualite","category-solidarite"],"_links":{"self":[{"href":"https:\/\/catholiques17.fr\/saintaigulin\/wp-json\/wp\/v2\/posts\/9243","targetHints":{"allow":["GET"]}}],"collection":[{"href":"https:\/\/catholiques17.fr\/saintaigulin\/wp-json\/wp\/v2\/posts"}],"about":[{"href":"https:\/\/catholiques17.fr\/saintaigulin\/wp-json\/wp\/v2\/types\/post"}],"author":[{"embeddable":true,"href":"https:\/\/catholiques17.fr\/saintaigulin\/wp-json\/wp\/v2\/users\/4"}],"replies":[{"embeddable":true,"href":"https:\/\/catholiques17.fr\/saintaigulin\/wp-json\/wp\/v2\/comments?post=9243"}],"version-history":[{"count":2,"href":"https:\/\/catholiques17.fr\/saintaigulin\/wp-json\/wp\/v2\/posts\/9243\/revisions"}],"predecessor-version":[{"id":9245,"href":"https:\/\/catholiques17.fr\/saintaigulin\/wp-json\/wp\/v2\/posts\/9243\/revisions\/9245"}],"wp:featuredmedia":[{"embeddable":true,"href":"https:\/\/catholiques17.fr\/saintaigulin\/wp-json\/wp\/v2\/media\/9242"}],"wp:attachment":[{"href":"https:\/\/catholiques17.fr\/saintaigulin\/wp-json\/wp\/v2\/media?parent=9243"}],"wp:term":[{"taxonomy":"category","embeddable":true,"href":"https:\/\/catholiques17.fr\/saintaigulin\/wp-json\/wp\/v2\/categories?post=9243"},{"taxonomy":"post_tag","embeddable":true,"href":"https:\/\/catholiques17.fr\/saintaigulin\/wp-json\/wp\/v2\/tags?post=9243"}],"curies":[{"name":"wp","href":"https:\/\/api.w.org\/{rel}","templated":true}]}}