{"id":10567,"date":"2026-04-26T19:41:52","date_gmt":"2026-04-26T17:41:52","guid":{"rendered":"https:\/\/catholiques17.fr\/saintaigulin\/?p=10567"},"modified":"2026-04-26T19:42:41","modified_gmt":"2026-04-26T17:42:41","slug":"annonces-semaine-du-27-avril-au-3-mai","status":"publish","type":"post","link":"https:\/\/catholiques17.fr\/saintaigulin\/2026\/04\/26\/annonces-semaine-du-27-avril-au-3-mai\/","title":{"rendered":"Annonces \u2013 Semaine du 27 Avril au 3 mai"},"content":{"rendered":"\n<div style=\"height:39px\" aria-hidden=\"true\" class=\"wp-block-spacer\"><\/div>\n\n\n\n<p>Lundi 27 avril, \u00e0 10h30, \u00e0 la Gen\u00e9touze, obs\u00e8ques de M. Yves MARQUIS<br>Lundi 27 avril, \u00e0 15h00, \u00e0 la maison paroissiale, \u00e9quipe Fran\u00e7ois LAURENT pour la Gen\u00e8se<br>Mardi 28 avril, \u00e0 9h30, \u00e0 la maison paroissiale, r\u00e9union de l&rsquo;\u00e9quipe pastorale<br>Mardi 28 avril, \u00e0 15h00, \u00e0 la Clotte, obs\u00e8ques de M. Jacques SERYAT<br>Mercredi 29 avril, \u00e0 10h30, \u00e0 Saint Aigulin, obs\u00e8ques de Mme. Jeanne PLAT-DANI\u00c8RE<br>Mercredi 29 avril, \u00e0 15h00, \u00e0 La BARDE, obs\u00e8ques de Mme. Claude BARDEAU<br>Vendredi 1 mai, rencontre des jeunes de l&rsquo;aum\u00f4nerie<br>Dimanche 3 mai, \u00e0 10h30, \u00e0 Saint Aigulin, messe dominicale<\/p>\n","protected":false},"excerpt":{"rendered":"<p>Lundi 27 avril, \u00e0 10h30, \u00e0 la Gen\u00e9touze, obs\u00e8ques de M. Yves MARQUISLundi 27 avril, \u00e0 15h00, \u00e0 la maison paroissiale, \u00e9quipe Fran\u00e7ois LAURENT pour la Gen\u00e8seMardi 28 avril, \u00e0 [&hellip;]<\/p>\n","protected":false},"author":92,"featured_media":9952,"comment_status":"open","ping_status":"open","sticky":true,"template":"","format":"standard","meta":{"_et_pb_use_builder":"off","_et_pb_old_content":"","_et_gb_content_width":"","footnotes":""},"categories":[6,62,68],"tags":[],"class_list":["post-10567","post","type-post","status-publish","format-standard","has-post-thumbnail","hentry","category-actualite","category-annonces","category-paroisse"],"_links":{"self":[{"href":"https:\/\/catholiques17.fr\/saintaigulin\/wp-json\/wp\/v2\/posts\/10567","targetHints":{"allow":["GET"]}}],"collection":[{"href":"https:\/\/catholiques17.fr\/saintaigulin\/wp-json\/wp\/v2\/posts"}],"about":[{"href":"https:\/\/catholiques17.fr\/saintaigulin\/wp-json\/wp\/v2\/types\/post"}],"author":[{"embeddable":true,"href":"https:\/\/catholiques17.fr\/saintaigulin\/wp-json\/wp\/v2\/users\/92"}],"replies":[{"embeddable":true,"href":"https:\/\/catholiques17.fr\/saintaigulin\/wp-json\/wp\/v2\/comments?post=10567"}],"version-history":[{"count":1,"href":"https:\/\/catholiques17.fr\/saintaigulin\/wp-json\/wp\/v2\/posts\/10567\/revisions"}],"predecessor-version":[{"id":10568,"href":"https:\/\/catholiques17.fr\/saintaigulin\/wp-json\/wp\/v2\/posts\/10567\/revisions\/10568"}],"wp:featuredmedia":[{"embeddable":true,"href":"https:\/\/catholiques17.fr\/saintaigulin\/wp-json\/wp\/v2\/media\/9952"}],"wp:attachment":[{"href":"https:\/\/catholiques17.fr\/saintaigulin\/wp-json\/wp\/v2\/media?parent=10567"}],"wp:term":[{"taxonomy":"category","embeddable":true,"href":"https:\/\/catholiques17.fr\/saintaigulin\/wp-json\/wp\/v2\/categories?post=10567"},{"taxonomy":"post_tag","embeddable":true,"href":"https:\/\/catholiques17.fr\/saintaigulin\/wp-json\/wp\/v2\/tags?post=10567"}],"curies":[{"name":"wp","href":"https:\/\/api.w.org\/{rel}","templated":true}]}}