{"id":10425,"date":"2026-04-06T12:38:44","date_gmt":"2026-04-06T10:38:44","guid":{"rendered":"https:\/\/catholiques17.fr\/saintaigulin\/?p=10425"},"modified":"2026-04-30T08:53:54","modified_gmt":"2026-04-30T06:53:54","slug":"homelie-du-jour-de-paques-du-pere-bernard-housset","status":"publish","type":"post","link":"https:\/\/catholiques17.fr\/saintaigulin\/2026\/04\/06\/homelie-du-jour-de-paques-du-pere-bernard-housset\/","title":{"rendered":"Hom\u00e9lie du jour de P\u00e2ques"},"content":{"rendered":"\n<div style=\"height:54px\" aria-hidden=\"true\" class=\"wp-block-spacer\"><\/div>\n\n\n\n<p class=\"has-large-font-size\"><strong>P\u00c2QUES\u00a0 2026<\/strong><\/p>\n\n\n\n<p class=\"has-medium-font-size\"><strong>La confiance<\/strong><\/p>\n\n\n\n<p>Les textes bibliques de cette f\u00eate de P\u00e2ques nous donnent une pr\u00e9sentation magnifique du c\u0153ur de notre foi. Quel est le c\u0153ur de notre foi\u00a0? C&rsquo;est une personne, le Christ mort et ressuscit\u00e9. C&rsquo;est par Lui que nous sommes cr\u00e9\u00e9s. Et c&rsquo;est par Lui que nous sommes sauv\u00e9s.<\/p>\n\n\n\n<p><\/p>\n\n\n\n<p>PAR LE CHRIST, NOUS SOMMES CR\u00c9\u00c9S<\/p>\n\n\n\n<p>C&rsquo;est le sens du livre de la Gen\u00e8se dont un r\u00e9cit de la cr\u00e9ation est lu \u00e0 la vigile pascale (il y en a un second). Bien s\u00fbr, ce sont des r\u00e9cits symboliques et non pas scientifiques. Le r\u00e9dacteur de ces textes, au 9\u00e8me si\u00e8cle avant le Christ ne savait pas encore ce que nous commen\u00e7ons de conna\u00eetre, depuis 250 ans environ, les \u00e9tapes de la cr\u00e9ation de notre univers et de l&rsquo;\u00e9mergence de notre humanit\u00e9. Nous savons maintenant que notre univers a d\u00e9but\u00e9 il y a 14 milliards d&rsquo;ann\u00e9es environ et que notre humanit\u00e9 a \u00e9merg\u00e9 il y a 7 \u00e0 8 millions d&rsquo;ann\u00e9es.<\/p>\n\n\n\n<p>Adam et Eve repr\u00e9sentent tous ces millions d&rsquo;humains qui ont v\u00e9cu durant ces millions d&rsquo;ann\u00e9es dans la diversit\u00e9 des soci\u00e9t\u00e9s de notre plan\u00e8te. Et qui vivent aujourd&rsquo;hui sans conna\u00eetre le Christ, sans savoir, comme l&rsquo;affirme le Nouveau Testament, que c&rsquo;est par Lui que nous sommes cr\u00e9\u00e9s, que nous existons dans la vie actuelle. C&rsquo;est la fameuse phrase de Jean-Paul II\u00a0: \u00ab\u00a0notre univers et notre humanit\u00e9 sont cr\u00e9\u00e9s par amour et pour l&rsquo;amour\u00a0\u00bb. Oui, cet univers gigantesque, avec ces milliards de galaxies, dont nous ignorons encore les limites, est cr\u00e9\u00e9 par un amour tout-puissant. Il n&rsquo;est pas l&rsquo;effet du hasard, mais il a un sens, un sens que J\u00e9sus nous fait conna\u00eetre.<\/p>\n\n\n\n<p><\/p>\n\n\n\n<p>PAR LE CHRIST, NOUS SOMMES SAUVES<\/p>\n\n\n\n<p>Qu&rsquo;est-ce que le salut\u00a0? C&rsquo;est participer \u00e0 la vie, \u00e0 l&rsquo;amour, au bonheur de la Trinit\u00e9 et recevoir ainsi la pl\u00e9nitude de notre humanit\u00e9. C&rsquo;est donc \u00eatre d\u00e9livr\u00e9s des p\u00e9ch\u00e9s qui marquent notre humanit\u00e9 actuelle depuis ses d\u00e9buts et \u00eatre aussi lib\u00e9r\u00e9s de la mort biologique. Le salut a donc cette face n\u00e9gative et aussi sa face positive\u00a0: \u00eatre associ\u00e9s \u00e0 la vie humano-divine du Christ, \u00eatre christifi\u00e9s, devenir semblables au Christ. C&rsquo;est la raison pour laquelle il est venu sur terre, \u00e0 No\u00ebl., pour annoncer cette Bonne Nouvelle. En faisant le bien, en gu\u00e9rissant les malades, en pardonnant les p\u00e9ch\u00e9s, en r\u00e9v\u00e9lant un Dieu P\u00e8re mis\u00e9ricordieux. Il en est mort, car cela ne plaisait pas aux puissants d&rsquo;Isra\u00ebl. Mais son P\u00e8re l&rsquo;a ressuscit\u00e9 pour que tous les humains qui ne la refusent pas puissent, \u00e0 leur tour, entrer dans le dynamisme de cette r\u00e9surrection.\u00a0<\/p>\n\n\n\n<p>Cette vie nouvelle commence au bapt\u00eame. Nous ne pouvons que nous r\u00e9jouir de la forte augmentation, depuis trois ans, du nombre des adolescents et des jeunes adultes (plus de 21000 cette ann\u00e9e) qui sont des nouveaux baptis\u00e9s. Nous ne savons pas si c&rsquo;est une embellie provisoire ou un mouvement de fond qui va durer longtemps. Ils sont pardonn\u00e9s de leurs p\u00e9ch\u00e9s, tout en continuant \u00e0 \u00eatre p\u00e9cheurs. Mais leur vie a d\u00e9sormais un sens. Ils savent que chaque \u00eatre humain est estim\u00e9 , aim\u00e9 par Dieu et que , s&rsquo;ils vont mourir, leur mort n&rsquo;est pas le retour au n\u00e9ant. Le P\u00e8re n&rsquo;a pas emp\u00each\u00e9 son Fils de mourir mais il l&rsquo;a ressuscit\u00e9 en le faisant passer \u00e0 la vie nouvelle et d\u00e9finitive. Et tel est son d\u00e9sir pour l&rsquo;humanit\u00e9 enti\u00e8re.<\/p>\n\n\n\n<p>Une phrase est magnifique, qui est chant\u00e9e durant la c\u00e9l\u00e9bration de la nuit de P\u00e2ques \u00ab\u00a0\u00e0 quoi nous servirait-il de na\u00eetre sans le bonheur d&rsquo;\u00eatre sauv\u00e9s\u00a0?\u00a0\u00bb Oui, notre vie actuelle ne se termine pas \u00e0 la mort. Elle est transform\u00e9e, transfigur\u00e9e par le Christ et son eucharistie pour devenir sa vie humano-divine parfaite. Le Christ pr\u00e9pare notre vie actuelle \u00e0 \u00eatre la vie \u00e9ternelle. Et quand cette transformation sera achev\u00e9e, chacun alors, qui est unique, aura sa personnalit\u00e9 d\u00e9finitive qui sera aussi unique. L&rsquo;humanit\u00e9 enti\u00e8re, sauf ceux et celles qui refuseront ce don de Dieu, (car tout \u00eatre humain a la possibilit\u00e9 de dire non \u00e0 Dieu) sera devenue vraiment fraternelle, c&rsquo;est la fraternit\u00e9 qui aura le dernier mot et non la haine ou l&rsquo;orgueil ou la volont\u00e9 de puissance.<\/p>\n\n\n\n<p><\/p>\n\n\n\n<p>APPEL\u00c9S A LA CONFIANCE<\/p>\n\n\n\n<p>Une cons\u00e9quence de cette primaut\u00e9 du Christ, pour notre cr\u00e9ation et notre re-cr\u00e9ation ou christification ou salut, c&rsquo;est que nous ne pouvons pas perdre confiance. D&rsquo;abord pour nos morts. Nous ne nous trompons pas en croyant qu&rsquo;ils sont accueillis par Dieu, m\u00eame si leur pr\u00e9paration au partage de sa vie et de son bonheur n&rsquo;est pas encore achev\u00e9e. Et ensuite pour nous-m\u00eames et l&rsquo;humanit\u00e9 enti\u00e8re . En ressuscitant J\u00e9sus, Dieu le P\u00e8re a tenu sa promesse. Il tiendra aussi sa promesse et nous ressuscitera pour participer \u00e0 sa vie \u00e9ternelle.<\/p>\n\n\n\n<p>Peut-\u00eatre que des difficult\u00e9s plus graves que celles que nous vivons habituellement nous attendent. Mais, si Dieu nous laisse prendre nos responsabilit\u00e9s et ne les prend pas \u00e0 notre place,\u00a0 Il ne nous l\u00e2chera pas, Il ne nous abandonnera pas. Soyons-en certains, rien ne nous s\u00e9parera du Christ, de son Amour et de sa R\u00e9surrection. Dieu est fiable.<\/p>\n\n\n\n<p><\/p>\n\n\n\n<p class=\"has-text-align-right has-medium-font-size\">\u00a0\u00a0\u00a0\u00a0\u00a0\u00a0\u00a0\u00a0\u00a0\u00a0\u00a0\u00a0\u00a0\u00a0\u00a0\u00a0\u00a0\u00a0\u00a0\u00a0\u00a0\u00a0\u00a0\u00a0\u00a0\u00a0\u00a0\u00a0\u00a0\u00a0\u00a0\u00a0\u00a0\u00a0\u00a0\u00a0\u00a0\u00a0\u00a0\u00a0\u00a0\u00a0\u00a0\u00a0\u00a0\u00a0\u00a0\u00a0\u00a0\u00a0\u00a0\u00a0\u00a0\u00a0\u00a0\u00a0\u00a0\u00a0\u00a0\u00a0\u00a0\u00a0\u00a0\u00a0\u00a0\u00a0\u00a0\u00a0\u00a0\u00a0\u00a0\u00a0\u00a0\u00a0\u00a0\u00a0\u00a0\u00a0\u00a0\u00a0\u00a0\u00a0<strong> P\u00e8re Bernard<\/strong><\/p>\n","protected":false},"excerpt":{"rendered":"<p>P\u00c2QUES\u00a0 2026 La confiance Les textes bibliques de cette f\u00eate de P\u00e2ques nous donnent une pr\u00e9sentation magnifique du c\u0153ur de notre foi. Quel est le c\u0153ur de notre foi\u00a0? C&rsquo;est [&hellip;]<\/p>\n","protected":false},"author":92,"featured_media":9588,"comment_status":"open","ping_status":"open","sticky":true,"template":"","format":"standard","meta":{"_et_pb_use_builder":"off","_et_pb_old_content":"","_et_gb_content_width":"","footnotes":""},"categories":[6,18,68],"tags":[],"class_list":["post-10425","post","type-post","status-publish","format-standard","has-post-thumbnail","hentry","category-actualite","category-homelie","category-paroisse"],"_links":{"self":[{"href":"https:\/\/catholiques17.fr\/saintaigulin\/wp-json\/wp\/v2\/posts\/10425","targetHints":{"allow":["GET"]}}],"collection":[{"href":"https:\/\/catholiques17.fr\/saintaigulin\/wp-json\/wp\/v2\/posts"}],"about":[{"href":"https:\/\/catholiques17.fr\/saintaigulin\/wp-json\/wp\/v2\/types\/post"}],"author":[{"embeddable":true,"href":"https:\/\/catholiques17.fr\/saintaigulin\/wp-json\/wp\/v2\/users\/92"}],"replies":[{"embeddable":true,"href":"https:\/\/catholiques17.fr\/saintaigulin\/wp-json\/wp\/v2\/comments?post=10425"}],"version-history":[{"count":6,"href":"https:\/\/catholiques17.fr\/saintaigulin\/wp-json\/wp\/v2\/posts\/10425\/revisions"}],"predecessor-version":[{"id":10580,"href":"https:\/\/catholiques17.fr\/saintaigulin\/wp-json\/wp\/v2\/posts\/10425\/revisions\/10580"}],"wp:featuredmedia":[{"embeddable":true,"href":"https:\/\/catholiques17.fr\/saintaigulin\/wp-json\/wp\/v2\/media\/9588"}],"wp:attachment":[{"href":"https:\/\/catholiques17.fr\/saintaigulin\/wp-json\/wp\/v2\/media?parent=10425"}],"wp:term":[{"taxonomy":"category","embeddable":true,"href":"https:\/\/catholiques17.fr\/saintaigulin\/wp-json\/wp\/v2\/categories?post=10425"},{"taxonomy":"post_tag","embeddable":true,"href":"https:\/\/catholiques17.fr\/saintaigulin\/wp-json\/wp\/v2\/tags?post=10425"}],"curies":[{"name":"wp","href":"https:\/\/api.w.org\/{rel}","templated":true}]}}