{"id":10336,"date":"2026-03-25T01:32:55","date_gmt":"2026-03-25T00:32:55","guid":{"rendered":"https:\/\/catholiques17.fr\/saintaigulin\/?p=10336"},"modified":"2026-03-25T02:02:14","modified_gmt":"2026-03-25T01:02:14","slug":"les-pelerinages-a-venir-un-chemin-de-foi-pour-tous","status":"publish","type":"post","link":"https:\/\/catholiques17.fr\/saintaigulin\/2026\/03\/25\/les-pelerinages-a-venir-un-chemin-de-foi-pour-tous\/","title":{"rendered":"Les p\u00e8lerinages \u00e0 venir : un chemin de Foi pour tous"},"content":{"rendered":"\n[et_pb_section fb_built=\u00a0\u00bb1&Prime; _builder_version=\u00a0\u00bb4.27.5&Prime; _module_preset=\u00a0\u00bbdefault\u00a0\u00bb global_colors_info=\u00a0\u00bb{}\u00a0\u00bb][et_pb_row _builder_version=\u00a0\u00bb4.27.5&Prime; _module_preset=\u00a0\u00bbdefault\u00a0\u00bb global_colors_info=\u00a0\u00bb{}\u00a0\u00bb][et_pb_column type=\u00a0\u00bb4_4&Prime; _builder_version=\u00a0\u00bb4.27.5&Prime; _module_preset=\u00a0\u00bbdefault\u00a0\u00bb global_colors_info=\u00a0\u00bb{}\u00a0\u00bb][et_pb_text _builder_version=\u00a0\u00bb4.27.5&Prime; _module_preset=\u00a0\u00bbdefault\u00a0\u00bb global_colors_info=\u00a0\u00bb{}\u00a0\u00bb]<div class=\"et_pb_row et_pb_row_0\">\n<div class=\"et_pb_column et_pb_column_4_4 et_pb_column_0  et_pb_css_mix_blend_mode_passthrough et-last-child\">\n<div class=\"et_pb_module et_pb_text et_pb_text_0  et_pb_text_align_left et_pb_bg_layout_light\">\n<div class=\"et_pb_text_inner\">\n<p style=\"text-align: justify\">Le service dioc\u00e9sain des p\u00e8lerinages vous propose de vivre, au cours des prochains mois, des temps forts de pri\u00e8re, de rencontre et de spiritualit\u00e9. Ces p\u00e8lerinages, ouverts \u00e0 tous, sont l\u2019occasion de se mettre en marche, de se ressourcer et de grandir dans la foi, que l\u2019on soit p\u00e8lerin valide, malade, hospitalier ou jeune.<\/p>\n<\/div>\n<\/div>\n<\/div>\n<\/div>\n<div class=\"et_pb_row et_pb_row_1\">\n<div class=\"et_pb_column et_pb_column_4_4 et_pb_column_1  et_pb_css_mix_blend_mode_passthrough et-last-child\">\n<div class=\"et_pb_module et_pb_text et_pb_text_1  et_pb_text_align_left et_pb_bg_layout_light\">\n<div class=\"et_pb_text_inner\">\n<p style=\"text-align: justify\"><strong>Qu\u2019est-ce qu\u2019un p\u00e8lerinage ?<\/strong><\/p>\n<p style=\"text-align: justify\">Le p\u00e8lerinage chr\u00e9tien symbolise la marche du peuple de Dieu sous la conduite de ses pasteurs l\u00e9gitimes \u00e0 la rencontre de Celui qui est, qui \u00e9tait et qui vient : des chr\u00e9tiens se rendent vers des lieux o\u00f9 Dieu a visit\u00e9 son peuple, dans une d\u00e9marche fraternelle de conversion et de pri\u00e8re, en communion avec leurs \u00e9v\u00eaques, et guid\u00e9s par les pr\u00eatres qui tiennent leur place aupr\u00e8s d\u2019eux.Un p\u00e8lerinage conduit un groupe en un ou des lieux qui marquent d\u2019une mani\u00e8re ou d\u2019une autre un m\u00e9morial de la foi chr\u00e9tienne ou de l\u2019histoire de l\u2019Eglise.<\/p>\n<\/div>\n<\/div>\n<\/div>\n<\/div>[\/et_pb_text][\/et_pb_column][\/et_pb_row][et_pb_row _builder_version=\u00a0\u00bb4.27.5&Prime; _module_preset=\u00a0\u00bbdefault\u00a0\u00bb global_colors_info=\u00a0\u00bb{}\u00a0\u00bb][et_pb_column type=\u00a0\u00bb4_4&Prime; _builder_version=\u00a0\u00bb4.27.5&Prime; _module_preset=\u00a0\u00bbdefault\u00a0\u00bb global_colors_info=\u00a0\u00bb{}\u00a0\u00bb][et_pb_button button_url=\u00a0\u00bbhttps:\/\/catholiques17.fr\/les-pelerinages-a-venir-un-chemin-de-foi-pour-tous\/\u00a0\u00bb button_text=\u00a0\u00bbPlus d&rsquo;information \u00a0\u00bb button_alignment=\u00a0\u00bbcenter\u00a0\u00bb _builder_version=\u00a0\u00bb4.27.5&Prime; _module_preset=\u00a0\u00bbdefault\u00a0\u00bb custom_button=\u00a0\u00bbon\u00a0\u00bb button_text_color=\u00a0\u00bb#F49A24&Prime; button_border_radius=\u00a0\u00bb19px\u00a0\u00bb global_colors_info=\u00a0\u00bb{}\u00a0\u00bb][\/et_pb_button][\/et_pb_column][\/et_pb_row][\/et_pb_section]\n","protected":false},"excerpt":{"rendered":"<p>Le service dioc\u00e9sain des p\u00e8lerinages vous propose de vivre, au cours des prochains mois, des temps forts de pri\u00e8re, de rencontre et de spiritualit\u00e9. Ces p\u00e8lerinages, ouverts \u00e0 tous, sont [&hellip;]<\/p>\n","protected":false},"author":92,"featured_media":10335,"comment_status":"open","ping_status":"open","sticky":false,"template":"","format":"standard","meta":{"_et_pb_use_builder":"on","_et_pb_old_content":"","_et_gb_content_width":"","footnotes":""},"categories":[6,30],"tags":[],"class_list":["post-10336","post","type-post","status-publish","format-standard","has-post-thumbnail","hentry","category-actualite","category-pelerinage"],"_links":{"self":[{"href":"https:\/\/catholiques17.fr\/saintaigulin\/wp-json\/wp\/v2\/posts\/10336","targetHints":{"allow":["GET"]}}],"collection":[{"href":"https:\/\/catholiques17.fr\/saintaigulin\/wp-json\/wp\/v2\/posts"}],"about":[{"href":"https:\/\/catholiques17.fr\/saintaigulin\/wp-json\/wp\/v2\/types\/post"}],"author":[{"embeddable":true,"href":"https:\/\/catholiques17.fr\/saintaigulin\/wp-json\/wp\/v2\/users\/92"}],"replies":[{"embeddable":true,"href":"https:\/\/catholiques17.fr\/saintaigulin\/wp-json\/wp\/v2\/comments?post=10336"}],"version-history":[{"count":8,"href":"https:\/\/catholiques17.fr\/saintaigulin\/wp-json\/wp\/v2\/posts\/10336\/revisions"}],"predecessor-version":[{"id":10353,"href":"https:\/\/catholiques17.fr\/saintaigulin\/wp-json\/wp\/v2\/posts\/10336\/revisions\/10353"}],"wp:featuredmedia":[{"embeddable":true,"href":"https:\/\/catholiques17.fr\/saintaigulin\/wp-json\/wp\/v2\/media\/10335"}],"wp:attachment":[{"href":"https:\/\/catholiques17.fr\/saintaigulin\/wp-json\/wp\/v2\/media?parent=10336"}],"wp:term":[{"taxonomy":"category","embeddable":true,"href":"https:\/\/catholiques17.fr\/saintaigulin\/wp-json\/wp\/v2\/categories?post=10336"},{"taxonomy":"post_tag","embeddable":true,"href":"https:\/\/catholiques17.fr\/saintaigulin\/wp-json\/wp\/v2\/tags?post=10336"}],"curies":[{"name":"wp","href":"https:\/\/api.w.org\/{rel}","templated":true}]}}