{"id":11031,"date":"2026-04-26T11:38:44","date_gmt":"2026-04-26T09:38:44","guid":{"rendered":"https:\/\/catholiques17.fr\/saintagnant\/?p=11031"},"modified":"2026-04-26T11:38:45","modified_gmt":"2026-04-26T09:38:45","slug":"vandalisme-a-leglise-de-surgeres","status":"publish","type":"post","link":"https:\/\/catholiques17.fr\/saintagnant\/?p=11031","title":{"rendered":"Vandalisme \u00e0 l\u2019\u00e9glise de Surg\u00e8res"},"content":{"rendered":"\n<figure class=\"wp-block-image aligncenter size-full is-resized\"><img loading=\"lazy\" decoding=\"async\" width=\"800\" height=\"600\" src=\"https:\/\/catholiques17.fr\/saintagnant\/wp-content\/uploads\/sites\/23\/2026\/04\/Surgere.jpeg\" alt=\"\" class=\"wp-image-11032\" style=\"width:648px;height:auto\" srcset=\"https:\/\/catholiques17.fr\/saintagnant\/wp-content\/uploads\/sites\/23\/2026\/04\/Surgere.jpeg 800w, https:\/\/catholiques17.fr\/saintagnant\/wp-content\/uploads\/sites\/23\/2026\/04\/Surgere-480x360.jpeg 480w\" sizes=\"(min-width: 0px) and (max-width: 480px) 480px, (min-width: 481px) 800px, 100vw\" \/><\/figure>\n\n\n\n<div style=\"height:31px\" aria-hidden=\"true\" class=\"wp-block-spacer\"><\/div>\n\n\n\n<p class=\"has-black-color has-text-color has-link-color has-medium-font-size wp-elements-3819c9cb93e658dfd400cb5c89f86ee9\">Le mardi 21 avril au soir, les paroissiens de Surg\u00e8res ont d\u00e9couvert que l\u2019\u00e9glise Notre-Dame avait \u00e9t\u00e9 vandalis\u00e9e dans la journ\u00e9e. Deux statues de Notre-Dame et de saint Joseph ont \u00e9t\u00e9 bris\u00e9es, des bancs, des bougies et des fleurs jet\u00e9s \u00e0 terre, l\u2019orgue endommag\u00e9.<\/p>\n\n\n\n<p class=\"has-black-color has-text-color has-link-color has-medium-font-size wp-elements-08cf5a7936ae594d4541b6a7d227131b\">Mgr Pierre-Antoine Bozo, \u00e9v\u00eaque coadjuteur de La Rochelle, d\u00e9plore et condamne cet acte de vandalisme dans cette \u00e9glise ch\u00e8re \u00e0 la communaut\u00e9 paroissiale, mais aussi \u00e0 l\u2019ensemble des habitants de la commune dont l\u2019\u00e9glise Notre-Dame est le patrimoine.<\/p>\n\n\n\n<p class=\"has-black-color has-text-color has-link-color has-medium-font-size wp-elements-e20269a065f3b0dd81fb1006a397ddd3\">Il remercie le Maire, les \u00e9lus et les services de la Ville de Surg\u00e8res pour leur action, ainsi que la Gendarmerie Nationale aupr\u00e8s de laquelle une plainte a \u00e9t\u00e9 d\u00e9pos\u00e9e.<\/p>\n\n\n\n<p class=\"has-black-color has-text-color has-link-color has-medium-font-size wp-elements-edf1af2c9b7a6d65b42096ecef492ad1\">L\u2019\u00e9glise Notre-Dame de Surg\u00e8res restera ferm\u00e9e jusqu\u2019\u00e0 la c\u00e9l\u00e9bration d\u2019une messe de r\u00e9paration, qui aura lieu le dimanche 26 avril \u00e0 10h30.<\/p>\n\n\n\n<p class=\"has-black-color has-text-color has-link-color has-medium-font-size wp-elements-ee597fffd7cc0975adc645a548bc60f8\">Mgr Pierre-Antoine Bozo et les chr\u00e9tiens de Charente-Maritime assurent le P. Sesuraj Alphonse, cur\u00e9 de la paroisse Saint-Joseph en Pays Surg\u00e9rien, et tous les paroissiens et habitants de Surg\u00e8res de leur compassion et de leurs pri\u00e8res fraternelles.<\/p>\n\n\n\n<div style=\"height:32px\" aria-hidden=\"true\" class=\"wp-block-spacer\"><\/div>\n","protected":false},"excerpt":{"rendered":"<p>Le mardi 21 avril au soir, les paroissiens de Surg\u00e8res ont d\u00e9couvert que l\u2019\u00e9glise Notre-Dame avait \u00e9t\u00e9 vandalis\u00e9e dans la journ\u00e9e. Deux statues de Notre-Dame et de saint Joseph ont [&hellip;]<\/p>\n","protected":false},"author":72,"featured_media":11032,"comment_status":"open","ping_status":"open","sticky":false,"template":"","format":"standard","meta":{"_et_pb_use_builder":"off","_et_pb_old_content":"","_et_gb_content_width":"","footnotes":""},"categories":[6],"tags":[],"class_list":["post-11031","post","type-post","status-publish","format-standard","has-post-thumbnail","hentry","category-actualite"],"_links":{"self":[{"href":"https:\/\/catholiques17.fr\/saintagnant\/index.php?rest_route=\/wp\/v2\/posts\/11031","targetHints":{"allow":["GET"]}}],"collection":[{"href":"https:\/\/catholiques17.fr\/saintagnant\/index.php?rest_route=\/wp\/v2\/posts"}],"about":[{"href":"https:\/\/catholiques17.fr\/saintagnant\/index.php?rest_route=\/wp\/v2\/types\/post"}],"author":[{"embeddable":true,"href":"https:\/\/catholiques17.fr\/saintagnant\/index.php?rest_route=\/wp\/v2\/users\/72"}],"replies":[{"embeddable":true,"href":"https:\/\/catholiques17.fr\/saintagnant\/index.php?rest_route=%2Fwp%2Fv2%2Fcomments&post=11031"}],"version-history":[{"count":1,"href":"https:\/\/catholiques17.fr\/saintagnant\/index.php?rest_route=\/wp\/v2\/posts\/11031\/revisions"}],"predecessor-version":[{"id":11033,"href":"https:\/\/catholiques17.fr\/saintagnant\/index.php?rest_route=\/wp\/v2\/posts\/11031\/revisions\/11033"}],"wp:featuredmedia":[{"embeddable":true,"href":"https:\/\/catholiques17.fr\/saintagnant\/index.php?rest_route=\/wp\/v2\/media\/11032"}],"wp:attachment":[{"href":"https:\/\/catholiques17.fr\/saintagnant\/index.php?rest_route=%2Fwp%2Fv2%2Fmedia&parent=11031"}],"wp:term":[{"taxonomy":"category","embeddable":true,"href":"https:\/\/catholiques17.fr\/saintagnant\/index.php?rest_route=%2Fwp%2Fv2%2Fcategories&post=11031"},{"taxonomy":"post_tag","embeddable":true,"href":"https:\/\/catholiques17.fr\/saintagnant\/index.php?rest_route=%2Fwp%2Fv2%2Ftags&post=11031"}],"curies":[{"name":"wp","href":"https:\/\/api.w.org\/{rel}","templated":true}]}}