{"id":10412,"date":"2025-07-17T13:22:14","date_gmt":"2025-07-17T11:22:14","guid":{"rendered":"https:\/\/catholiques17.fr\/saintagnant\/?p=10412"},"modified":"2025-07-17T13:22:16","modified_gmt":"2025-07-17T11:22:16","slug":"veillees-jubilaires-chantons-notre-esperance-avec-laurent-grzybowski","status":"publish","type":"post","link":"https:\/\/catholiques17.fr\/saintagnant\/?p=10412","title":{"rendered":"Veill\u00e9es jubilaires \u00ab\u00a0Chantons notre esp\u00e9rance\u00a0!\u00a0\u00bb avec Laurent Grzybowski"},"content":{"rendered":"\n<figure class=\"wp-block-image aligncenter size-full\"><img loading=\"lazy\" decoding=\"async\" width=\"574\" height=\"800\" src=\"https:\/\/catholiques17.fr\/saintagnant\/wp-content\/uploads\/sites\/23\/2025\/07\/Laurent-Grzybowski-Fouras-2025-07-21.jpg\" alt=\"\" class=\"wp-image-10413\" srcset=\"https:\/\/catholiques17.fr\/saintagnant\/wp-content\/uploads\/sites\/23\/2025\/07\/Laurent-Grzybowski-Fouras-2025-07-21.jpg 574w, https:\/\/catholiques17.fr\/saintagnant\/wp-content\/uploads\/sites\/23\/2025\/07\/Laurent-Grzybowski-Fouras-2025-07-21-480x669.jpg 480w\" sizes=\"(min-width: 0px) and (max-width: 480px) 480px, (min-width: 481px) 574px, 100vw\" \/><\/figure>\n\n\n\n<div style=\"height:30px\" aria-hidden=\"true\" class=\"wp-block-spacer\"><\/div>\n\n\n\n<p class=\"has-text-align-center has-black-color has-text-color has-link-color wp-elements-171d6780d28eb9a10be6a262912707d3\" style=\"font-size:17px\"><strong>A l\u2019occasion du Jubil\u00e9, le chanteur chr\u00e9tien Laurent Grzybowski\u00a0viendra animer une veill\u00e9e de pri\u00e8re et donner un t\u00e9moignage :<\/strong><\/p>\n\n\n\n<ul class=\"wp-block-list\">\n<li class=\"has-vivid-purple-color has-text-color has-link-color wp-elements-86d36a287a296c2a8382af385b5aad06\" style=\"font-size:17px\"><strong>Dimanche 20 juillet : Saujon (messe \u00e0 10h30 \/ veill\u00e9e de pri\u00e8re \u00e0 15h00)<\/strong><\/li>\n\n\n\n<li class=\"has-vivid-purple-color has-text-color has-link-color wp-elements-89f290b4bbfbf7f435ed3759901379ce\" style=\"font-size:17px\"><strong>Lundi 21 juillet : Fouras-les-Bains (veill\u00e9e \u00e0 20h30)<\/strong><\/li>\n\n\n\n<li class=\"has-vivid-purple-color has-text-color has-link-color wp-elements-ab4a781bcbe87cbd0f14f3b02f67385c\" style=\"font-size:17px\"><strong>Mardi 22 juillet : Marennes (veill\u00e9e \u00e0 20h30)<\/strong><\/li>\n\n\n\n<li class=\"has-vivid-purple-color has-text-color has-link-color wp-elements-1cfa1b93e8d3d662ec71f008573d587a\" style=\"font-size:17px\"><strong>Mercredi 23 juillet : Villeneuve-les Salines (veill\u00e9e \u00e0 20h30)<\/strong><\/li>\n\n\n\n<li class=\"has-vivid-purple-color has-text-color has-link-color wp-elements-d5a96048ff344360815bb31ad087e2da\" style=\"font-size:17px\"><strong>Jeudi 24 juillet : Breuillet (veill\u00e9e \u00e0 20h30)<\/strong><\/li>\n\n\n\n<li class=\"has-vivid-purple-color has-text-color has-link-color wp-elements-988d897f000d1be9cb084b47b77c997d\" style=\"font-size:17px\"><strong>Vendredi 25 juillet : Epargnes (veill\u00e9e \u00e0 20h30)<\/strong><\/li>\n\n\n\n<li class=\"has-vivid-purple-color has-text-color has-link-color wp-elements-0d9516287709ddd1d4b9816b271de611\" style=\"font-size:17px\"><strong>Samedi 26 juillet : Saint Porchaire (messe \u00e0 18h00 \/ veill\u00e9e \u00e0 19h00)<\/strong><\/li>\n\n\n\n<li class=\"has-vivid-purple-color has-text-color has-link-color wp-elements-332b915311e24f166b2e21726eae2a68\" style=\"font-size:17px\"><strong>Dimanche 27 juillet : soir\u00e9e ANNULEE \u00e0 Pontaillac \u00e0 Royan, remplac\u00e9e par une veill\u00e9e \u00e0 St-Palais le 29 ao\u00fbt<\/strong><\/li>\n<\/ul>\n\n\n\n<p class=\"has-black-color has-text-color has-link-color wp-elements-75aaa69e98c2be7b26b3ec78875bc4a6\" style=\"font-size:17px\">Bien connu des assembl\u00e9es paroissiales et des mouvements catholiques, cet auteur compositeur qui a \u00e9crit de nombreux chants pour la liturgie ne vient pas se produire en concert.&nbsp;Il&nbsp;vient t\u00e9moigner de ce qui l\u2019habite et partager sa foi&nbsp;en chansons,&nbsp;accompagn\u00e9 de sa guitare, d\u2019un pianiste et de quelques percussions.<\/p>\n\n\n\n<p class=\"has-black-color has-text-color has-link-color wp-elements-3440bd711942238a1fc54ab366efa067\" style=\"font-size:17px\">Dans cette rencontre chantante, Laurent Grzybowski&nbsp;propose avant tout une exp\u00e9rience : celle du&nbsp;bonheur de chanter et de prier ensemble, tous \u00e2ges confondus&nbsp;! Chanter pour vivre, pour rester debout, pour r\u00e9sister \u00e0 toutes formes de sinistrose. Chanter pour la paix en Ukraine et au Proche-Orient. Chanter notre esp\u00e9rance en un monde meilleur.<\/p>\n\n\n\n<p class=\"has-black-color has-text-color has-link-color wp-elements-378071dd8e6a9213ea666c2db8608c0d\" style=\"font-size:17px\"><em>\u00ab&nbsp;Mieux vaut allumer une lampe que maudire l\u2019obscurit\u00e9&nbsp;\u00bb.<\/em>&nbsp;Cette veill\u00e9e \u00e0 la fois priante et festive sera l\u2019occasion d\u2019une belle soir\u00e9e en famille avec les grands-parents, les parents, les jeunes et les petits-enfants, toutes g\u00e9n\u00e9rations confondues. Un grand moment de joie et d\u2019esp\u00e9rance&nbsp;!<\/p>\n\n\n\n<p class=\"has-vivid-red-color has-text-color has-link-color has-medium-font-size wp-elements-96537e0484c3128084fe0dae6bcc8403\"><strong>Entr\u00e9e libre \u2013 Libre participation aux frais \u2013 Vente de CD<\/strong><\/p>\n\n\n\n<div style=\"height:32px\" aria-hidden=\"true\" class=\"wp-block-spacer\"><\/div>\n","protected":false},"excerpt":{"rendered":"<p>A l\u2019occasion du Jubil\u00e9, le chanteur chr\u00e9tien Laurent Grzybowski\u00a0viendra animer une veill\u00e9e de pri\u00e8re et donner un t\u00e9moignage : Bien connu des assembl\u00e9es paroissiales et des mouvements catholiques, cet auteur [&hellip;]<\/p>\n","protected":false},"author":72,"featured_media":10413,"comment_status":"open","ping_status":"open","sticky":false,"template":"","format":"standard","meta":{"_et_pb_use_builder":"off","_et_pb_old_content":"","_et_gb_content_width":"","footnotes":""},"categories":[6,25,29,31],"tags":[],"class_list":["post-10412","post","type-post","status-publish","format-standard","has-post-thumbnail","hentry","category-actualite","category-chorale","category-concert","category-rencontres"],"_links":{"self":[{"href":"https:\/\/catholiques17.fr\/saintagnant\/index.php?rest_route=\/wp\/v2\/posts\/10412","targetHints":{"allow":["GET"]}}],"collection":[{"href":"https:\/\/catholiques17.fr\/saintagnant\/index.php?rest_route=\/wp\/v2\/posts"}],"about":[{"href":"https:\/\/catholiques17.fr\/saintagnant\/index.php?rest_route=\/wp\/v2\/types\/post"}],"author":[{"embeddable":true,"href":"https:\/\/catholiques17.fr\/saintagnant\/index.php?rest_route=\/wp\/v2\/users\/72"}],"replies":[{"embeddable":true,"href":"https:\/\/catholiques17.fr\/saintagnant\/index.php?rest_route=%2Fwp%2Fv2%2Fcomments&post=10412"}],"version-history":[{"count":1,"href":"https:\/\/catholiques17.fr\/saintagnant\/index.php?rest_route=\/wp\/v2\/posts\/10412\/revisions"}],"predecessor-version":[{"id":10414,"href":"https:\/\/catholiques17.fr\/saintagnant\/index.php?rest_route=\/wp\/v2\/posts\/10412\/revisions\/10414"}],"wp:featuredmedia":[{"embeddable":true,"href":"https:\/\/catholiques17.fr\/saintagnant\/index.php?rest_route=\/wp\/v2\/media\/10413"}],"wp:attachment":[{"href":"https:\/\/catholiques17.fr\/saintagnant\/index.php?rest_route=%2Fwp%2Fv2%2Fmedia&parent=10412"}],"wp:term":[{"taxonomy":"category","embeddable":true,"href":"https:\/\/catholiques17.fr\/saintagnant\/index.php?rest_route=%2Fwp%2Fv2%2Fcategories&post=10412"},{"taxonomy":"post_tag","embeddable":true,"href":"https:\/\/catholiques17.fr\/saintagnant\/index.php?rest_route=%2Fwp%2Fv2%2Ftags&post=10412"}],"curies":[{"name":"wp","href":"https:\/\/api.w.org\/{rel}","templated":true}]}}