{"id":9922,"global_id":"catholiques17.fr\/saintagnant?id=9922","global_id_lineage":["catholiques17.fr\/saintagnant?id=9922"],"author":"72","status":"publish","date":"2025-03-31 16:46:39","date_utc":"2025-03-31 14:46:39","modified":"2025-04-21 12:35:19","modified_utc":"2025-04-21 10:35:19","url":"https:\/\/catholiques17.fr\/saintagnant\/?tribe_events=exposition-les-oiseaux-du-marais-a-echillais","rest_url":"https:\/\/catholiques17.fr\/saintagnant\/index.php?rest_route=\/tribe\/events\/v1\/events\/9922","title":"Exposition : les oiseaux du marais \u00e0 \u00c9chillais","description":"<h3>Exposition : les oiseaux du marais\u00a0\u00e0 \u00c9chillais<\/h3>\n<h4>Exposition sur le th\u00e8me des oiseaux du marais du Photographe Antoine DUSART<\/h4>\n<h4>et de la peintre et c\u00e9ramiste Nicole PORTE<\/h4>\n<h4 class=\"single-subtitle\"><em><strong>Adresse :<\/strong><\/em> L&rsquo;escale Bar \u00e0 manger de Martrou, 1 rue du Bac, 17620 \u00c9chillais<\/h4>","excerpt":"","slug":"exposition-les-oiseaux-du-marais-a-echillais","image":{"url":"https:\/\/catholiques17.fr\/saintagnant\/wp-content\/uploads\/sites\/23\/2025\/03\/Oiseaux-02.jpg","id":9923,"extension":"jpg","width":800,"height":601,"filesize":72777,"sizes":{"medium":{"width":300,"height":225,"mime-type":"image\/jpeg","filesize":17562,"url":"https:\/\/catholiques17.fr\/saintagnant\/wp-content\/uploads\/sites\/23\/2025\/03\/Oiseaux-02-300x225.jpg"},"thumbnail":{"width":150,"height":150,"mime-type":"image\/jpeg","filesize":8080,"url":"https:\/\/catholiques17.fr\/saintagnant\/wp-content\/uploads\/sites\/23\/2025\/03\/Oiseaux-02-150x150.jpg"},"medium_large":{"width":768,"height":577,"mime-type":"image\/jpeg","filesize":65883,"url":"https:\/\/catholiques17.fr\/saintagnant\/wp-content\/uploads\/sites\/23\/2025\/03\/Oiseaux-02-768x577.jpg"},"et-pb-post-main-image":{"width":400,"height":250,"mime-type":"image\/jpeg","filesize":23371,"url":"https:\/\/catholiques17.fr\/saintagnant\/wp-content\/uploads\/sites\/23\/2025\/03\/Oiseaux-02-400x250.jpg"},"et-pb-portfolio-image":{"width":400,"height":284,"mime-type":"image\/jpeg","filesize":25720,"url":"https:\/\/catholiques17.fr\/saintagnant\/wp-content\/uploads\/sites\/23\/2025\/03\/Oiseaux-02-400x284.jpg"},"et-pb-portfolio-module-image":{"width":510,"height":382,"mime-type":"image\/jpeg","filesize":36740,"url":"https:\/\/catholiques17.fr\/saintagnant\/wp-content\/uploads\/sites\/23\/2025\/03\/Oiseaux-02-510x382.jpg"},"et-pb-gallery-module-image-portrait":{"width":400,"height":516,"mime-type":"image\/jpeg","filesize":35678,"url":"https:\/\/catholiques17.fr\/saintagnant\/wp-content\/uploads\/sites\/23\/2025\/03\/Oiseaux-02-400x516.jpg"},"et-pb-image--responsive--phone":{"width":480,"height":361,"mime-type":"image\/jpeg","filesize":33967,"url":"https:\/\/catholiques17.fr\/saintagnant\/wp-content\/uploads\/sites\/23\/2025\/03\/Oiseaux-02-480x361.jpg"}}},"all_day":true,"start_date":"2025-03-31 00:00:00","start_date_details":{"year":"2025","month":"03","day":"31","hour":"00","minutes":"00","seconds":"00"},"end_date":"2025-06-01 23:59:59","end_date_details":{"year":"2025","month":"06","day":"01","hour":"23","minutes":"59","seconds":"59"},"utc_start_date":"2025-03-30 22:00:00","utc_start_date_details":{"year":"2025","month":"03","day":"30","hour":"22","minutes":"00","seconds":"00"},"utc_end_date":"2025-06-01 21:59:59","utc_end_date_details":{"year":"2025","month":"06","day":"01","hour":"21","minutes":"59","seconds":"59"},"timezone":"Europe\/Paris","timezone_abbr":"CEST","cost":"","cost_details":{"currency_symbol":"\u20ac","currency_code":"USD","currency_position":"suffix","values":[]},"website":"","show_map":false,"show_map_link":false,"hide_from_listings":false,"sticky":false,"featured":false,"categories":[{"name":"Rencontres","slug":"rencontres","term_group":0,"term_taxonomy_id":26,"taxonomy":"tribe_events_cat","description":"","parent":0,"count":104,"filter":"raw","id":26,"urls":{"self":"https:\/\/catholiques17.fr\/saintagnant\/index.php?rest_route=\/tribe\/events\/v1\/categories\/26","collection":"https:\/\/catholiques17.fr\/saintagnant\/index.php?rest_route=\/tribe\/events\/v1\/categories"}}],"tags":[],"venue":{"id":9913,"author":"72","status":"publish","date":"2025-03-30 20:54:20","date_utc":"0000-00-00 00:00:00","modified":"2025-03-30 20:54:20","modified_utc":"0000-00-00 00:00:00","url":"https:\/\/catholiques17.fr\/saintagnant\/?tribe_venue=echillais","venue":"Echillais","slug":"echillais","country":"France","zip":"17620","json_ld":{"@type":"Place","name":"Echillais","description":"","url":"","address":{"@type":"PostalAddress","postalCode":"17620","addressCountry":"France"},"telephone":"","sameAs":""},"show_map":true,"show_map_link":true,"global_id":"catholiques17.fr\/saintagnant?id=9913","global_id_lineage":["catholiques17.fr\/saintagnant?id=9913"]},"organizer":[],"custom_fields":[],"json_ld":{"@context":"http:\/\/schema.org","@type":"Event","name":"Exposition : les oiseaux du marais \u00e0 \u00c9chillais","description":"&lt;p&gt;Exposition : les oiseaux du marais\u00a0\u00e0 \u00c9chillais Exposition sur le th\u00e8me des oiseaux du marais du Photographe Antoine DUSART et de la peintre et c\u00e9ramiste Nicole PORTE Adresse : L\\'escale [&hellip;]&lt;\/p&gt;\\n","image":"https:\/\/catholiques17.fr\/saintagnant\/wp-content\/uploads\/sites\/23\/2025\/03\/Oiseaux-02.jpg","url":"https:\/\/catholiques17.fr\/saintagnant\/?tribe_events=exposition-les-oiseaux-du-marais-a-echillais","eventAttendanceMode":"https:\/\/schema.org\/OfflineEventAttendanceMode","eventStatus":"https:\/\/schema.org\/EventScheduled","startDate":"2025-03-31T00:00:00+02:00","endDate":"2025-06-01T23:59:59+02:00","location":{"@type":"Place","name":"Echillais","description":"","url":"","address":{"@type":"PostalAddress","postalCode":"17620","addressCountry":"France"},"telephone":"","sameAs":""},"performer":"Organization"}}