{"id":9709,"date":"2023-12-15T11:50:41","date_gmt":"2023-12-15T10:50:41","guid":{"rendered":"https:\/\/catholiques17.fr\/pontlabbesaintporchaire\/?p=9709"},"modified":"2023-12-15T11:53:28","modified_gmt":"2023-12-15T10:53:28","slug":"plusieurs-pelerinages-proposes-en-2024","status":"publish","type":"post","link":"https:\/\/catholiques17.fr\/pontlabbesaintporchaire\/2023\/12\/15\/plusieurs-pelerinages-proposes-en-2024\/","title":{"rendered":"Plusieurs p\u00e8lerinages propos\u00e9s en 2024"},"content":{"rendered":"\n<div style=\"height:77px\" aria-hidden=\"true\" class=\"wp-block-spacer\"><\/div>\n\n\n\n<h2 class=\"wp-block-heading has-text-align-center\">Le service dioc\u00e9sain des p\u00e8lerinages propose chaque ann\u00e9e<\/h2>\n\n\n\n<h2 class=\"wp-block-heading has-text-align-center\"> plusieurs p\u00e8lerinages en France ou \u00ab\u00a0plus loin\u00a0\u00bb ! <\/h2>\n\n\n\n<div style=\"height:36px\" aria-hidden=\"true\" class=\"wp-block-spacer\"><\/div>\n\n\n\n<p>Pour l&rsquo;ann\u00e9e 2024, diff\u00e9rentes destinations sont programm\u00e9es, \u00e0 savoir la Gr\u00e8ce (du 18 au 25 avril &#8211; Dossier \u00e0 t\u00e9l\u00e9charger <a href=\"https:\/\/catholiques17.fr\/wp-content\/uploads\/2023\/12\/PELERINAGE-EN-GRECE.pdf\" target=\"_blank\" rel=\"noreferrer noopener\">ici<\/a>), Lourdes (Ao\u00fbt), l&rsquo;\u00eele Madame (22 ao\u00fbt), le Mont-St-Michel (du 13 au 26 septembre &#8211; Programme d\u00e9taill\u00e9 <a href=\"https:\/\/catholiques17.fr\/wp-content\/uploads\/2023\/12\/PELERINAGE-EN-GRECE.pdf\" target=\"_blank\" rel=\"noreferrer noopener\">ici<\/a>) et la Jordanie (octobre).<\/p>\n\n\n\n<div style=\"height:48px\" aria-hidden=\"true\" class=\"wp-block-spacer\"><\/div>\n\n\n\n<figure class=\"wp-block-image aligncenter size-full\"><img loading=\"lazy\" decoding=\"async\" width=\"565\" height=\"800\" src=\"https:\/\/catholiques17.fr\/pontlabbesaintporchaire\/wp-content\/uploads\/sites\/38\/2023\/12\/Pelerinages-2024.png\" alt=\"\" class=\"wp-image-9707\" srcset=\"https:\/\/catholiques17.fr\/pontlabbesaintporchaire\/wp-content\/uploads\/sites\/38\/2023\/12\/Pelerinages-2024.png 565w, https:\/\/catholiques17.fr\/pontlabbesaintporchaire\/wp-content\/uploads\/sites\/38\/2023\/12\/Pelerinages-2024-480x680.png 480w\" sizes=\"(min-width: 0px) and (max-width: 480px) 480px, (min-width: 481px) 565px, 100vw\" \/><\/figure>\n\n\n\n<div style=\"height:73px\" aria-hidden=\"true\" class=\"wp-block-spacer\"><\/div>\n\n\n\n<p class=\"has-text-align-center\">Pour toute demande d&rsquo;information, n&rsquo;h\u00e9sitez pas \u00e0 contacter la responsable du service des P\u00e8lerinages<\/p>\n\n\n\n<p class=\"has-text-align-center\"> Mme Monique Besset : 07 72 32 08 28 &#8211; <a href=\"mailto:pelerinages@diocese17.fr\" target=\"_blank\" rel=\"noreferrer noopener\">pelerinages@diocese17.fr<\/a><\/p>\n\n\n\n<div style=\"height:100px\" aria-hidden=\"true\" class=\"wp-block-spacer\"><\/div>\n","protected":false},"excerpt":{"rendered":"<p>Le service dioc\u00e9sain des p\u00e8lerinages propose chaque ann\u00e9e plusieurs p\u00e8lerinages en France ou \u00ab\u00a0plus loin\u00a0\u00bb ! Pour l&rsquo;ann\u00e9e 2024, diff\u00e9rentes destinations sont programm\u00e9es, \u00e0 savoir la Gr\u00e8ce (du 18 au [&hellip;]<\/p>\n","protected":false},"author":4,"featured_media":9708,"comment_status":"open","ping_status":"open","sticky":false,"template":"","format":"standard","meta":{"_et_pb_use_builder":"off","_et_pb_old_content":"","_et_gb_content_width":"","footnotes":""},"categories":[6,36],"tags":[],"class_list":["post-9709","post","type-post","status-publish","format-standard","has-post-thumbnail","hentry","category-actualite","category-pelerinage"],"_links":{"self":[{"href":"https:\/\/catholiques17.fr\/pontlabbesaintporchaire\/wp-json\/wp\/v2\/posts\/9709","targetHints":{"allow":["GET"]}}],"collection":[{"href":"https:\/\/catholiques17.fr\/pontlabbesaintporchaire\/wp-json\/wp\/v2\/posts"}],"about":[{"href":"https:\/\/catholiques17.fr\/pontlabbesaintporchaire\/wp-json\/wp\/v2\/types\/post"}],"author":[{"embeddable":true,"href":"https:\/\/catholiques17.fr\/pontlabbesaintporchaire\/wp-json\/wp\/v2\/users\/4"}],"replies":[{"embeddable":true,"href":"https:\/\/catholiques17.fr\/pontlabbesaintporchaire\/wp-json\/wp\/v2\/comments?post=9709"}],"version-history":[{"count":3,"href":"https:\/\/catholiques17.fr\/pontlabbesaintporchaire\/wp-json\/wp\/v2\/posts\/9709\/revisions"}],"predecessor-version":[{"id":9712,"href":"https:\/\/catholiques17.fr\/pontlabbesaintporchaire\/wp-json\/wp\/v2\/posts\/9709\/revisions\/9712"}],"wp:featuredmedia":[{"embeddable":true,"href":"https:\/\/catholiques17.fr\/pontlabbesaintporchaire\/wp-json\/wp\/v2\/media\/9708"}],"wp:attachment":[{"href":"https:\/\/catholiques17.fr\/pontlabbesaintporchaire\/wp-json\/wp\/v2\/media?parent=9709"}],"wp:term":[{"taxonomy":"category","embeddable":true,"href":"https:\/\/catholiques17.fr\/pontlabbesaintporchaire\/wp-json\/wp\/v2\/categories?post=9709"},{"taxonomy":"post_tag","embeddable":true,"href":"https:\/\/catholiques17.fr\/pontlabbesaintporchaire\/wp-json\/wp\/v2\/tags?post=9709"}],"curies":[{"name":"wp","href":"https:\/\/api.w.org\/{rel}","templated":true}]}}