{"id":9699,"date":"2023-12-07T11:33:50","date_gmt":"2023-12-07T10:33:50","guid":{"rendered":"https:\/\/catholiques17.fr\/pontlabbesaintporchaire\/?p=9699"},"modified":"2023-12-15T11:38:55","modified_gmt":"2023-12-15T10:38:55","slug":"8-decembre-fetons-limmaculee-conception","status":"publish","type":"post","link":"https:\/\/catholiques17.fr\/pontlabbesaintporchaire\/2023\/12\/07\/8-decembre-fetons-limmaculee-conception\/","title":{"rendered":"8 d\u00e9cembre : F\u00eatons l&rsquo;Immacul\u00e9e Conception"},"content":{"rendered":"\n<div style=\"height:63px\" aria-hidden=\"true\" class=\"wp-block-spacer\"><\/div>\n\n\n\n<h2 class=\"wp-block-heading\">Chaque ann\u00e9e, le 8 d\u00e9cembre l\u2019\u00c9glise catholique<\/h2>\n\n\n\n<h2 class=\"wp-block-heading\">f\u00eate\u00a0la Solennit\u00e9 de l\u2019Immacul\u00e9e Conception de la Vierge Marie.<\/h2>\n\n\n\n<div style=\"height:63px\" aria-hidden=\"true\" class=\"wp-block-spacer\"><\/div>\n\n\n\n<p>Le 8 d\u00e9cembre marque la f\u00eate de l\u2019Immacul\u00e9e Conception. La c\u00e9l\u00e9bration de l\u2019Immacul\u00e9e Conception de la Vierge Marie \u2013 situ\u00e9e dans les premiers jours de la nouvelle ann\u00e9e liturgique et du temps de l\u2019Avent \u2013 nous rappelle la destin\u00e9e unique de cette femme juive, choisie par Dieu. Pour la foi chr\u00e9tienne, Marie est indissociable de l\u2019enfant qu\u2019elle a port\u00e9, J\u00e9sus, en qui s\u2019est totalement manifest\u00e9 le Dieu vivant. Elle est appel\u00e9e, depuis le concile d\u2019\u00c9ph\u00e8se (431), \u00ab M\u00e8re de Dieu \u00bb. Selon la tradition catholique, depuis le dogme promulgu\u00e9 par le pape Pie IX, le 8 d\u00e9cembre 1854, elle est d\u00e9clar\u00e9e pr\u00e9serv\u00e9e du p\u00e9ch\u00e9 originel d\u00e8s sa naissance.<\/p>\n\n\n\n<div style=\"height:31px\" aria-hidden=\"true\" class=\"wp-block-spacer\"><\/div>\n\n\n\n<h3 class=\"wp-block-heading\">Pourquoi un dogme ?<\/h3>\n\n\n\n<p>Un dogme est une v\u00e9rit\u00e9 de foi solennellement proclam\u00e9e par le Pape pour \u00eatre accueillie par l\u2019\u00c9glise. Ainsi, le 8 d\u00e9cembre 1854, dans la Bulle Ineffabilis Deus, le pape Pie IX d\u00e9clarait : \u00ab Nous d\u00e9clarons, pronon\u00e7ons et d\u00e9finissons que la doctrine qui tient que la bienheureuse Vierge Marie a \u00e9t\u00e9, au premier instant de sa conception, par une gr\u00e2ce et une faveur singuli\u00e8re du Dieu tout puissant, en vue des m\u00e9rites de J\u00e9sus Christ, Sauveur du genre humain, pr\u00e9serv\u00e9e intacte de toute souillure du p\u00e9ch\u00e9 originel, est une doctrine r\u00e9v\u00e9l\u00e9e de Dieu, et qu\u2019ainsi elle doit \u00eatre crue fermement et constamment par tous les fid\u00e8les \u00bb.<\/p>\n\n\n\n<p>En d\u2019autres termes, pour accueillir le Fils de Dieu, Marie ne pouvait avoir en son coeur aucune trace d\u2019h\u00e9sitation ou de refus. Dieu avait besoin que le don de son amour rencontre une foi parfaitement pure, une \u00e2me sans p\u00e9ch\u00e9. Seule la gr\u00e2ce (le don gratuit de Dieu) pouvait ainsi la pr\u00e9parer, et elle en est combl\u00e9e (\u00c9vangile selon saint Luc, chapitre 1). Comme un fruit anticip\u00e9 du pardon offert par J\u00e9sus sur la croix, Marie (qui a \u00e9t\u00e9 con\u00e7ue normalement, par l\u2019union de son p\u00e8re et de sa m\u00e8re) est immacul\u00e9e, pure de tout p\u00e9ch\u00e9, et pr\u00e9serv\u00e9e de cette s\u00e9paration d\u2019avec Dieu qui marque l\u2019homme d\u00e8s le d\u00e9but de son existence, le p\u00e9ch\u00e9 originel.<\/p>\n\n\n\n<p>\u00ab Pour la plupart des gens, \u00ab l\u2019immacul\u00e9e conception \u00bb voudrait dire que Marie est devenue m\u00e8re, a con\u00e7u J\u00e9sus, par l\u2019action de l\u2019Esprit Saint, sans relation conjugale. Comme si la relation conjugale \u00e9tait, par elle-m\u00eame, un p\u00e9ch\u00e9. Ce n\u2019est pas du tout ce que dit la foi chr\u00e9tienne. Si le mariage \u00e9tait un p\u00e9ch\u00e9, il ne pourrait \u00eatre un sacrement [\u2026] rappelle Mgr Jacques Perrier, \u00e9v\u00eaque \u00e9m\u00e9rite de Tarbes et Lourdes. \u00bb<\/p>\n\n\n\n<p>Que voulait dire Pie IX ? Que f\u00eate l\u2019\u00c9glise catholique le 8 d\u00e9cembre ? Ceci :<\/p>\n\n\n\n<blockquote class=\"wp-block-quote is-layout-flow wp-block-quote-is-layout-flow\">\n<p><em><strong>Marie, d\u00e8s l\u2019origine, a \u00e9t\u00e9 totalement \u00e9trang\u00e8re au p\u00e9ch\u00e9. C\u2019est pourquoi, dans toutes les apparitions, elle se montre toujours merveilleusement belle, rayonnante de lumi\u00e8re et de bont\u00e9.<\/strong><\/em><\/p>\n<\/blockquote>\n\n\n\n<div style=\"height:41px\" aria-hidden=\"true\" class=\"wp-block-spacer\"><\/div>\n\n\n\n<h3 class=\"wp-block-heading\">Lourdes et l\u2019Immacul\u00e9e<\/h3>\n\n\n\n<p>Les apparitions de Lourdes ont eu lieu quatre ans apr\u00e8s la proclamation solennelle du dogme de l\u2019Immacul\u00e9e Conception par le pape Pie IX. Le 25 mars 1858, dans la grotte humide et sombre de Massabielle, Marie converse famili\u00e8rement avec Bernadette qui l\u2019interroge ; elle lui dit son nom : \u00ab Je suis l\u2019Immacul\u00e9e Conception \u00bb.<\/p>\n\n\n\n<p><a href=\"https:\/\/eglise.catholique.fr\/approfondir-sa-foi\/connaitre-et-aimer-dieu\/marie\/371604-la-fete-de-limmaculee-conception\/\">Article paru sur le site de la Conf\u00e9rence des Ev\u00eaques de France<\/a><\/p>\n\n\n\n<div style=\"height:42px\" aria-hidden=\"true\" class=\"wp-block-spacer\"><\/div>\n\n\n\n<hr class=\"wp-block-separator has-text-color has-alpha-channel-opacity has-background is-style-wide\" style=\"background-color:#67a486;color:#67a486\"\/>\n\n\n\n<div style=\"height:64px\" aria-hidden=\"true\" class=\"wp-block-spacer\"><\/div>\n\n\n\n<div class=\"wp-block-columns is-layout-flex wp-container-core-columns-is-layout-9d6595d7 wp-block-columns-is-layout-flex\">\n<div class=\"wp-block-column is-layout-flow wp-block-column-is-layout-flow\" style=\"flex-basis:33.33%\">\n<figure class=\"wp-block-image size-full\"><img loading=\"lazy\" decoding=\"async\" width=\"566\" height=\"800\" src=\"https:\/\/catholiques17.fr\/pontlabbesaintporchaire\/wp-content\/uploads\/sites\/38\/2023\/12\/8.jpg\" alt=\"\" class=\"wp-image-9700\" srcset=\"https:\/\/catholiques17.fr\/pontlabbesaintporchaire\/wp-content\/uploads\/sites\/38\/2023\/12\/8.jpg 566w, https:\/\/catholiques17.fr\/pontlabbesaintporchaire\/wp-content\/uploads\/sites\/38\/2023\/12\/8-480x678.jpg 480w\" sizes=\"(min-width: 0px) and (max-width: 480px) 480px, (min-width: 481px) 566px, 100vw\" \/><\/figure>\n<\/div>\n\n\n\n<div class=\"wp-block-column is-layout-flow wp-block-column-is-layout-flow\" style=\"flex-basis:66.66%\">\n<p><strong>\u00c9vangile de J\u00e9sus Christ selon saint Luc (1, 26-38)<\/strong><\/p>\n\n\n\n<p>En ce temps-l\u00e0, l\u2019ange Gabriel fut envoy\u00e9 par Dieu dans une ville de Galil\u00e9e, appel\u00e9e Nazareth, \u00e0 une jeune fille vierge, accord\u00e9e en mariage \u00e0 un homme de la maison de David, appel\u00e9 Joseph\u00a0; et le nom de la jeune fille \u00e9tait Marie.<br>L\u2019ange entra chez elle et dit\u00a0: \u00ab\u00a0Je te salue, Combl\u00e9e-de-gr\u00e2ce, le Seigneur est avec toi.\u00a0\u00bb \u00c0 cette parole, elle fut toute boulevers\u00e9e, et elle se demandait ce que pouvait signifier cette salutation. L\u2019ange lui dit alors\u00a0: \u00ab\u00a0Sois sans crainte, Marie,<br>car tu as trouv\u00e9 gr\u00e2ce aupr\u00e8s de Dieu. Voici que tu vas concevoir et enfanter un fils\u00a0; tu lui donneras le nom de J\u00e9sus. Il sera grand, il sera appel\u00e9 Fils du Tr\u00e8s-Haut\u00a0; le Seigneur Dieu lui donnera le tr\u00f4ne de David son p\u00e8re\u00a0; il r\u00e9gnera pour toujours sur la maison de Jacob, et son r\u00e8gne n\u2019aura pas de fin.\u00a0\u00bb<br>Marie dit \u00e0 l\u2019ange\u00a0: \u00ab\u00a0Comment cela va-t-il se faire, puisque je ne connais pas d\u2019homme\u00a0?\u00a0\u00bb L\u2019ange lui r\u00e9pondit\u00a0: \u00ab\u00a0L\u2019Esprit Saint viendra sur toi, et la puissance du Tr\u00e8s-Haut te prendra sous son ombre\u00a0; c\u2019est pourquoi celui qui va na\u00eetre sera saint, il sera appel\u00e9 Fils de Dieu. Or voici que, dans sa vieillesse, \u00c9lisabeth, ta parente, a con\u00e7u, elle aussi, un fils et en est \u00e0 son sixi\u00e8me mois, alors qu\u2019on l\u2019appelait la femme st\u00e9rile. Car rien n\u2019est impossible \u00e0 Dieu.\u00a0\u00bb Marie dit alors\u00a0: \u00ab\u00a0Voici la servante du Seigneur\u00a0; que tout m\u2019advienne selon ta parole.\u00a0\u00bb<\/p>\n\n\n\n<p>Alors l\u2019ange la quitta.<\/p>\n<\/div>\n<\/div>\n\n\n\n<p><\/p>\n","protected":false},"excerpt":{"rendered":"<p>Chaque ann\u00e9e, le 8 d\u00e9cembre l\u2019\u00c9glise catholique f\u00eate\u00a0la Solennit\u00e9 de l\u2019Immacul\u00e9e Conception de la Vierge Marie. Le 8 d\u00e9cembre marque la f\u00eate de l\u2019Immacul\u00e9e Conception. La c\u00e9l\u00e9bration de l\u2019Immacul\u00e9e Conception [&hellip;]<\/p>\n","protected":false},"author":4,"featured_media":9698,"comment_status":"open","ping_status":"open","sticky":false,"template":"","format":"standard","meta":{"_et_pb_use_builder":"off","_et_pb_old_content":"","_et_gb_content_width":"","footnotes":""},"categories":[6,19],"tags":[],"class_list":["post-9699","post","type-post","status-publish","format-standard","has-post-thumbnail","hentry","category-actualite","category-liturgie"],"_links":{"self":[{"href":"https:\/\/catholiques17.fr\/pontlabbesaintporchaire\/wp-json\/wp\/v2\/posts\/9699","targetHints":{"allow":["GET"]}}],"collection":[{"href":"https:\/\/catholiques17.fr\/pontlabbesaintporchaire\/wp-json\/wp\/v2\/posts"}],"about":[{"href":"https:\/\/catholiques17.fr\/pontlabbesaintporchaire\/wp-json\/wp\/v2\/types\/post"}],"author":[{"embeddable":true,"href":"https:\/\/catholiques17.fr\/pontlabbesaintporchaire\/wp-json\/wp\/v2\/users\/4"}],"replies":[{"embeddable":true,"href":"https:\/\/catholiques17.fr\/pontlabbesaintporchaire\/wp-json\/wp\/v2\/comments?post=9699"}],"version-history":[{"count":2,"href":"https:\/\/catholiques17.fr\/pontlabbesaintporchaire\/wp-json\/wp\/v2\/posts\/9699\/revisions"}],"predecessor-version":[{"id":9702,"href":"https:\/\/catholiques17.fr\/pontlabbesaintporchaire\/wp-json\/wp\/v2\/posts\/9699\/revisions\/9702"}],"wp:featuredmedia":[{"embeddable":true,"href":"https:\/\/catholiques17.fr\/pontlabbesaintporchaire\/wp-json\/wp\/v2\/media\/9698"}],"wp:attachment":[{"href":"https:\/\/catholiques17.fr\/pontlabbesaintporchaire\/wp-json\/wp\/v2\/media?parent=9699"}],"wp:term":[{"taxonomy":"category","embeddable":true,"href":"https:\/\/catholiques17.fr\/pontlabbesaintporchaire\/wp-json\/wp\/v2\/categories?post=9699"},{"taxonomy":"post_tag","embeddable":true,"href":"https:\/\/catholiques17.fr\/pontlabbesaintporchaire\/wp-json\/wp\/v2\/tags?post=9699"}],"curies":[{"name":"wp","href":"https:\/\/api.w.org\/{rel}","templated":true}]}}