{"id":14236,"date":"2026-02-06T07:05:17","date_gmt":"2026-02-06T06:05:17","guid":{"rendered":"https:\/\/catholiques17.fr\/pontlabbesaintporchaire\/?p=14236"},"modified":"2026-02-06T07:05:18","modified_gmt":"2026-02-06T06:05:18","slug":"dimanche-de-la-sante-que-votre-lumiere-brille","status":"publish","type":"post","link":"https:\/\/catholiques17.fr\/pontlabbesaintporchaire\/2026\/02\/06\/dimanche-de-la-sante-que-votre-lumiere-brille\/","title":{"rendered":"Dimanche de la Sant\u00e9 : que votre lumi\u00e8re brille !"},"content":{"rendered":"\n<div style=\"height:100px\" aria-hidden=\"true\" class=\"wp-block-spacer\"><\/div>\n\n\n\n<p>En ce dimanche 8 f\u00e9vrier 2026, l\u2019\u00c9glise de France nous invite \u00e0 porter une attention particuli\u00e8re au monde de la sant\u00e9. Non pas pour ajouter une intention de plus \u00e0 notre pri\u00e8re, mais pour laisser r\u00e9sonner au c\u0153ur de notre assembl\u00e9e une r\u00e9alit\u00e9 qui touche chacun, t\u00f4t ou tard : la fragilit\u00e9 de la vie humaine et le soin qui lui est d\u00fb.<\/p>\n\n\n\n<p>C\u00e9l\u00e9brer le dimanche de la sant\u00e9, c\u2019est d\u2019abord reconna\u00eetre celles et ceux qui, chaque jour, prennent soin des personnes malades, \u00e2g\u00e9es ou d\u00e9pendantes. Par leur pr\u00e9sence, leurs gestes souvent discrets, leur patience et leur d\u00e9licatesse, ils deviennent pour beaucoup un signe de r\u00e9confort, parfois m\u00eame une source d\u2019esp\u00e9rance. Leur engagement, qu\u2019il soit professionnel, b\u00e9n\u00e9vole ou familial, m\u00e9rite aujourd\u2019hui notre gratitude et notre pri\u00e8re.<\/p>\n\n\n\n<p>C\u2019est aussi porter dans notre c\u0153ur les chercheurs, les soignants, tous ceux qui, dans les h\u00f4pitaux, les maisons de retraite, les laboratoires ou \u00e0 domicile, \u0153uvrent pour faire reculer la maladie, soulager la souffrance et mieux comprendre ce qui affecte le corps et la vie humaine. Leur travail, parfois invisible, participe \u00e0 une \u0153uvre profond\u00e9ment humaine et profond\u00e9ment fraternelle.<\/p>\n\n\n\n<p>En ce dimanche, nous confions au Seigneur ceux qui souffrent, ceux qui soignent, et ceux qui cherchent. Que notre pri\u00e8re les soutienne, les r\u00e9conforte et leur rappelle qu\u2019aucune fragilit\u00e9 n\u2019est \u00e9trang\u00e8re \u00e0 l\u2019amour de Dieu.<\/p>\n\n\n\n<p>L\u2019\u00c9vangile de ce jour nous invite \u00e0 laisser briller notre lumi\u00e8re. De la m\u00eame mani\u00e8re, la pastorale de la sant\u00e9 de notre dioc\u00e8se vous invite, chers fr\u00e8res et s\u0153urs, \u00e0 faire rayonner cette lumi\u00e8re au sein de notre paroisse, en vous engageant aupr\u00e8s de ceux qui sont les plus fragiles : malades, \u00e2g\u00e9s ou isol\u00e9s.<\/p>\n\n\n\n<p>N\u2019h\u00e9sitez pas \u00e0 rejoindre les \u00e9quipes des aum\u00f4neries hospitali\u00e8res, SEM ou PPH de vos paroisses et doyenn\u00e9s. Par votre pr\u00e9sence, votre \u00e9coute et votre service, vous devenez un signe vivant de l\u2019amour du Christ pour ceux qui en ont le plus besoin. Entrons maintenant dans cette c\u00e9l\u00e9bration avec un c\u0153ur attentif et confiant.<\/p>\n\n\n\n<div style=\"height:100px\" aria-hidden=\"true\" class=\"wp-block-spacer\"><\/div>\n\n\n\n<div class=\"wp-block-buttons is-content-justification-center is-layout-flex wp-container-core-buttons-is-layout-16018d1d wp-block-buttons-is-layout-flex\">\n<div class=\"wp-block-button\"><a class=\"wp-block-button__link wp-element-button\" href=\"https:\/\/catholiques17.fr\/dimanche-de-la-sante-que-votre-lumiere-brille\/\" target=\"_blank\" rel=\"noreferrer noopener\">Pour plus d&rsquo;informations<\/a><\/div>\n<\/div>\n","protected":false},"excerpt":{"rendered":"<p>En ce dimanche 8 f\u00e9vrier 2026, l\u2019\u00c9glise de France nous invite \u00e0 porter une attention particuli\u00e8re au monde de la sant\u00e9. Non pas pour ajouter une intention de plus \u00e0 [&hellip;]<\/p>\n","protected":false},"author":63,"featured_media":14237,"comment_status":"open","ping_status":"open","sticky":false,"template":"","format":"standard","meta":{"_et_pb_use_builder":"off","_et_pb_old_content":"","_et_gb_content_width":"","footnotes":""},"categories":[6,24,49,25],"tags":[],"class_list":["post-14236","post","type-post","status-publish","format-standard","has-post-thumbnail","hentry","category-actualite","category-annonces","category-pape-leon-xiv-2","category-solidarite"],"_links":{"self":[{"href":"https:\/\/catholiques17.fr\/pontlabbesaintporchaire\/wp-json\/wp\/v2\/posts\/14236","targetHints":{"allow":["GET"]}}],"collection":[{"href":"https:\/\/catholiques17.fr\/pontlabbesaintporchaire\/wp-json\/wp\/v2\/posts"}],"about":[{"href":"https:\/\/catholiques17.fr\/pontlabbesaintporchaire\/wp-json\/wp\/v2\/types\/post"}],"author":[{"embeddable":true,"href":"https:\/\/catholiques17.fr\/pontlabbesaintporchaire\/wp-json\/wp\/v2\/users\/63"}],"replies":[{"embeddable":true,"href":"https:\/\/catholiques17.fr\/pontlabbesaintporchaire\/wp-json\/wp\/v2\/comments?post=14236"}],"version-history":[{"count":1,"href":"https:\/\/catholiques17.fr\/pontlabbesaintporchaire\/wp-json\/wp\/v2\/posts\/14236\/revisions"}],"predecessor-version":[{"id":14238,"href":"https:\/\/catholiques17.fr\/pontlabbesaintporchaire\/wp-json\/wp\/v2\/posts\/14236\/revisions\/14238"}],"wp:featuredmedia":[{"embeddable":true,"href":"https:\/\/catholiques17.fr\/pontlabbesaintporchaire\/wp-json\/wp\/v2\/media\/14237"}],"wp:attachment":[{"href":"https:\/\/catholiques17.fr\/pontlabbesaintporchaire\/wp-json\/wp\/v2\/media?parent=14236"}],"wp:term":[{"taxonomy":"category","embeddable":true,"href":"https:\/\/catholiques17.fr\/pontlabbesaintporchaire\/wp-json\/wp\/v2\/categories?post=14236"},{"taxonomy":"post_tag","embeddable":true,"href":"https:\/\/catholiques17.fr\/pontlabbesaintporchaire\/wp-json\/wp\/v2\/tags?post=14236"}],"curies":[{"name":"wp","href":"https:\/\/api.w.org\/{rel}","templated":true}]}}