{"id":14234,"date":"2026-02-06T07:01:09","date_gmt":"2026-02-06T06:01:09","guid":{"rendered":"https:\/\/catholiques17.fr\/pontlabbesaintporchaire\/?p=14234"},"modified":"2026-02-06T07:01:11","modified_gmt":"2026-02-06T06:01:11","slug":"28-mars-concert-ensemble-vocal-mosaique-de-rochefort","status":"publish","type":"post","link":"https:\/\/catholiques17.fr\/pontlabbesaintporchaire\/2026\/02\/06\/28-mars-concert-ensemble-vocal-mosaique-de-rochefort\/","title":{"rendered":"28 mars concert Ensemble Vocal Mosa\u00efque de Rochefort"},"content":{"rendered":"\n<div style=\"height:100px\" aria-hidden=\"true\" class=\"wp-block-spacer\"><\/div>\n\n\n\n<p>L&rsquo;Ensemble Vocal Mosa\u00efque de Rochefort, sous la direction d&rsquo;Edwin Florez, donne un concert le samedi 28 mars \u00e0 18h \u00e0 l&rsquo;\u00e9glise de Pont l&rsquo;Abb\u00e9 d&rsquo;Arnoult.<\/p>\n","protected":false},"excerpt":{"rendered":"<p>L&rsquo;Ensemble Vocal Mosa\u00efque de Rochefort, sous la direction d&rsquo;Edwin Florez, donne un concert le samedi 28 mars \u00e0 18h \u00e0 l&rsquo;\u00e9glise de Pont l&rsquo;Abb\u00e9 d&rsquo;Arnoult.<\/p>\n","protected":false},"author":63,"featured_media":14232,"comment_status":"open","ping_status":"open","sticky":false,"template":"","format":"standard","meta":{"_et_pb_use_builder":"off","_et_pb_old_content":"","_et_gb_content_width":"","footnotes":""},"categories":[6,24,35,23],"tags":[],"class_list":["post-14234","post","type-post","status-publish","format-standard","has-post-thumbnail","hentry","category-actualite","category-annonces","category-concert","category-diocese"],"_links":{"self":[{"href":"https:\/\/catholiques17.fr\/pontlabbesaintporchaire\/wp-json\/wp\/v2\/posts\/14234","targetHints":{"allow":["GET"]}}],"collection":[{"href":"https:\/\/catholiques17.fr\/pontlabbesaintporchaire\/wp-json\/wp\/v2\/posts"}],"about":[{"href":"https:\/\/catholiques17.fr\/pontlabbesaintporchaire\/wp-json\/wp\/v2\/types\/post"}],"author":[{"embeddable":true,"href":"https:\/\/catholiques17.fr\/pontlabbesaintporchaire\/wp-json\/wp\/v2\/users\/63"}],"replies":[{"embeddable":true,"href":"https:\/\/catholiques17.fr\/pontlabbesaintporchaire\/wp-json\/wp\/v2\/comments?post=14234"}],"version-history":[{"count":1,"href":"https:\/\/catholiques17.fr\/pontlabbesaintporchaire\/wp-json\/wp\/v2\/posts\/14234\/revisions"}],"predecessor-version":[{"id":14235,"href":"https:\/\/catholiques17.fr\/pontlabbesaintporchaire\/wp-json\/wp\/v2\/posts\/14234\/revisions\/14235"}],"wp:featuredmedia":[{"embeddable":true,"href":"https:\/\/catholiques17.fr\/pontlabbesaintporchaire\/wp-json\/wp\/v2\/media\/14232"}],"wp:attachment":[{"href":"https:\/\/catholiques17.fr\/pontlabbesaintporchaire\/wp-json\/wp\/v2\/media?parent=14234"}],"wp:term":[{"taxonomy":"category","embeddable":true,"href":"https:\/\/catholiques17.fr\/pontlabbesaintporchaire\/wp-json\/wp\/v2\/categories?post=14234"},{"taxonomy":"post_tag","embeddable":true,"href":"https:\/\/catholiques17.fr\/pontlabbesaintporchaire\/wp-json\/wp\/v2\/tags?post=14234"}],"curies":[{"name":"wp","href":"https:\/\/api.w.org\/{rel}","templated":true}]}}