{"id":14172,"date":"2026-01-13T10:20:14","date_gmt":"2026-01-13T09:20:14","guid":{"rendered":"https:\/\/catholiques17.fr\/pontlabbesaintporchaire\/?p=14172"},"modified":"2026-01-13T10:20:16","modified_gmt":"2026-01-13T09:20:16","slug":"en-juin-peleriner-au-portugal","status":"publish","type":"post","link":"https:\/\/catholiques17.fr\/pontlabbesaintporchaire\/2026\/01\/13\/en-juin-peleriner-au-portugal\/","title":{"rendered":"En juin, p\u00e8leriner au Portugal"},"content":{"rendered":"\n<div style=\"height:100px\" aria-hidden=\"true\" class=\"wp-block-spacer\"><\/div>\n\n\n\n<p>Le service des p\u00e8lerinages vous propose une semaine de p\u00e8lerinage au Portugal, \u00e0 Porto, Fatima et Lisbonne. Du jeudi 11 au mardi 16 juin 2026.<\/p>\n\n\n\n<p>Venez prier au sanctuaire de Fatima au jour anniversaire d\u2019une apparition de Notre-Dame, et d\u00e9couvrir la beaut\u00e9 du Portugal, de Porto et Lisbonne !<\/p>\n\n\n\n<div style=\"height:100px\" aria-hidden=\"true\" class=\"wp-block-spacer\"><\/div>\n\n\n\n<div class=\"wp-block-buttons is-content-justification-center is-layout-flex wp-container-core-buttons-is-layout-16018d1d wp-block-buttons-is-layout-flex\">\n<div class=\"wp-block-button\"><a class=\"wp-block-button__link wp-element-button\" href=\"https:\/\/catholiques17.fr\/en-juin-peleriner-au-portugal\/\">Pour plus d&rsquo;informations et pour vous inscrire, cliquez ici.<\/a><\/div>\n<\/div>\n","protected":false},"excerpt":{"rendered":"<p>Le service des p\u00e8lerinages vous propose une semaine de p\u00e8lerinage au Portugal, \u00e0 Porto, Fatima et Lisbonne. Du jeudi 11 au mardi 16 juin 2026. Venez prier au sanctuaire de [&hellip;]<\/p>\n","protected":false},"author":63,"featured_media":14170,"comment_status":"open","ping_status":"open","sticky":false,"template":"","format":"standard","meta":{"_et_pb_use_builder":"off","_et_pb_old_content":"","_et_gb_content_width":"","footnotes":""},"categories":[6,24,36],"tags":[],"class_list":["post-14172","post","type-post","status-publish","format-standard","has-post-thumbnail","hentry","category-actualite","category-annonces","category-pelerinage"],"_links":{"self":[{"href":"https:\/\/catholiques17.fr\/pontlabbesaintporchaire\/wp-json\/wp\/v2\/posts\/14172","targetHints":{"allow":["GET"]}}],"collection":[{"href":"https:\/\/catholiques17.fr\/pontlabbesaintporchaire\/wp-json\/wp\/v2\/posts"}],"about":[{"href":"https:\/\/catholiques17.fr\/pontlabbesaintporchaire\/wp-json\/wp\/v2\/types\/post"}],"author":[{"embeddable":true,"href":"https:\/\/catholiques17.fr\/pontlabbesaintporchaire\/wp-json\/wp\/v2\/users\/63"}],"replies":[{"embeddable":true,"href":"https:\/\/catholiques17.fr\/pontlabbesaintporchaire\/wp-json\/wp\/v2\/comments?post=14172"}],"version-history":[{"count":1,"href":"https:\/\/catholiques17.fr\/pontlabbesaintporchaire\/wp-json\/wp\/v2\/posts\/14172\/revisions"}],"predecessor-version":[{"id":14173,"href":"https:\/\/catholiques17.fr\/pontlabbesaintporchaire\/wp-json\/wp\/v2\/posts\/14172\/revisions\/14173"}],"wp:featuredmedia":[{"embeddable":true,"href":"https:\/\/catholiques17.fr\/pontlabbesaintporchaire\/wp-json\/wp\/v2\/media\/14170"}],"wp:attachment":[{"href":"https:\/\/catholiques17.fr\/pontlabbesaintporchaire\/wp-json\/wp\/v2\/media?parent=14172"}],"wp:term":[{"taxonomy":"category","embeddable":true,"href":"https:\/\/catholiques17.fr\/pontlabbesaintporchaire\/wp-json\/wp\/v2\/categories?post=14172"},{"taxonomy":"post_tag","embeddable":true,"href":"https:\/\/catholiques17.fr\/pontlabbesaintporchaire\/wp-json\/wp\/v2\/tags?post=14172"}],"curies":[{"name":"wp","href":"https:\/\/api.w.org\/{rel}","templated":true}]}}