{"id":14164,"date":"2026-01-13T10:15:07","date_gmt":"2026-01-13T09:15:07","guid":{"rendered":"https:\/\/catholiques17.fr\/pontlabbesaintporchaire\/?p=14164"},"modified":"2026-01-13T10:15:08","modified_gmt":"2026-01-13T09:15:08","slug":"pelerinage-des-peres","status":"publish","type":"post","link":"https:\/\/catholiques17.fr\/pontlabbesaintporchaire\/2026\/01\/13\/pelerinage-des-peres\/","title":{"rendered":"P\u00e8lerinage des P\u00e8res"},"content":{"rendered":"\n<div style=\"height:100px\" aria-hidden=\"true\" class=\"wp-block-spacer\"><\/div>\n\n\n\n<p>En 2026, le p\u00e8lerinage des P\u00e8res aura lieu les 14 et 15 mars de Pons \u00e0 Saintes.<br>Transmettre la foi \u00e0 nos enfants \u00e0 la suite de Saint Joseph.<\/p>\n\n\n\n<p>Contact pour s\u2019inscrire :<br>Eric Ruckstuhl : 06 62 04 29 31<br>eric.ruckstuhl@outlook.com<\/p>\n","protected":false},"excerpt":{"rendered":"<p>En 2026, le p\u00e8lerinage des P\u00e8res aura lieu les 14 et 15 mars de Pons \u00e0 Saintes.Transmettre la foi \u00e0 nos enfants \u00e0 la suite de Saint Joseph. Contact pour [&hellip;]<\/p>\n","protected":false},"author":63,"featured_media":14165,"comment_status":"open","ping_status":"open","sticky":false,"template":"","format":"standard","meta":{"_et_pb_use_builder":"off","_et_pb_old_content":"","_et_gb_content_width":"","footnotes":""},"categories":[6,24,36],"tags":[],"class_list":["post-14164","post","type-post","status-publish","format-standard","has-post-thumbnail","hentry","category-actualite","category-annonces","category-pelerinage"],"_links":{"self":[{"href":"https:\/\/catholiques17.fr\/pontlabbesaintporchaire\/wp-json\/wp\/v2\/posts\/14164","targetHints":{"allow":["GET"]}}],"collection":[{"href":"https:\/\/catholiques17.fr\/pontlabbesaintporchaire\/wp-json\/wp\/v2\/posts"}],"about":[{"href":"https:\/\/catholiques17.fr\/pontlabbesaintporchaire\/wp-json\/wp\/v2\/types\/post"}],"author":[{"embeddable":true,"href":"https:\/\/catholiques17.fr\/pontlabbesaintporchaire\/wp-json\/wp\/v2\/users\/63"}],"replies":[{"embeddable":true,"href":"https:\/\/catholiques17.fr\/pontlabbesaintporchaire\/wp-json\/wp\/v2\/comments?post=14164"}],"version-history":[{"count":1,"href":"https:\/\/catholiques17.fr\/pontlabbesaintporchaire\/wp-json\/wp\/v2\/posts\/14164\/revisions"}],"predecessor-version":[{"id":14166,"href":"https:\/\/catholiques17.fr\/pontlabbesaintporchaire\/wp-json\/wp\/v2\/posts\/14164\/revisions\/14166"}],"wp:featuredmedia":[{"embeddable":true,"href":"https:\/\/catholiques17.fr\/pontlabbesaintporchaire\/wp-json\/wp\/v2\/media\/14165"}],"wp:attachment":[{"href":"https:\/\/catholiques17.fr\/pontlabbesaintporchaire\/wp-json\/wp\/v2\/media?parent=14164"}],"wp:term":[{"taxonomy":"category","embeddable":true,"href":"https:\/\/catholiques17.fr\/pontlabbesaintporchaire\/wp-json\/wp\/v2\/categories?post=14164"},{"taxonomy":"post_tag","embeddable":true,"href":"https:\/\/catholiques17.fr\/pontlabbesaintporchaire\/wp-json\/wp\/v2\/tags?post=14164"}],"curies":[{"name":"wp","href":"https:\/\/api.w.org\/{rel}","templated":true}]}}