{"id":14158,"date":"2026-01-13T10:11:16","date_gmt":"2026-01-13T09:11:16","guid":{"rendered":"https:\/\/catholiques17.fr\/pontlabbesaintporchaire\/?p=14158"},"modified":"2026-01-13T10:23:18","modified_gmt":"2026-01-13T09:23:18","slug":"pelerinage-des-meres","status":"publish","type":"post","link":"https:\/\/catholiques17.fr\/pontlabbesaintporchaire\/2026\/01\/13\/pelerinage-des-meres\/","title":{"rendered":"P\u00e8lerinage des M\u00e8res"},"content":{"rendered":"\n<div style=\"height:100px\" aria-hidden=\"true\" class=\"wp-block-spacer\"><\/div>\n\n\n\n<p>Les 7 et 8 mars, p\u00e8lerinage des M\u00e8res \u00e0 Talmont-sur-Gironde.<\/p>\n\n\n\n<p>Au programme : Pri\u00e8re, r\u00e9flexion, \u00e9changes, enseignements et chants autour d&rsquo;une marche accessible \u00e0 toutes.<\/p>\n\n\n\n<p>Renseignements et inscriptions : 06 07 75 71 70 et dianepdemontbron@free.fr<\/p>\n","protected":false},"excerpt":{"rendered":"<p>Les 7 et 8 mars, p\u00e8lerinage des M\u00e8res \u00e0 Talmont-sur-Gironde. Au programme : Pri\u00e8re, r\u00e9flexion, \u00e9changes, enseignements et chants autour d&rsquo;une marche accessible \u00e0 toutes. Renseignements et inscriptions : 06 [&hellip;]<\/p>\n","protected":false},"author":63,"featured_media":14159,"comment_status":"open","ping_status":"open","sticky":false,"template":"","format":"standard","meta":{"_et_pb_use_builder":"off","_et_pb_old_content":"","_et_gb_content_width":"","footnotes":""},"categories":[6,24,36],"tags":[],"class_list":["post-14158","post","type-post","status-publish","format-standard","has-post-thumbnail","hentry","category-actualite","category-annonces","category-pelerinage"],"_links":{"self":[{"href":"https:\/\/catholiques17.fr\/pontlabbesaintporchaire\/wp-json\/wp\/v2\/posts\/14158","targetHints":{"allow":["GET"]}}],"collection":[{"href":"https:\/\/catholiques17.fr\/pontlabbesaintporchaire\/wp-json\/wp\/v2\/posts"}],"about":[{"href":"https:\/\/catholiques17.fr\/pontlabbesaintporchaire\/wp-json\/wp\/v2\/types\/post"}],"author":[{"embeddable":true,"href":"https:\/\/catholiques17.fr\/pontlabbesaintporchaire\/wp-json\/wp\/v2\/users\/63"}],"replies":[{"embeddable":true,"href":"https:\/\/catholiques17.fr\/pontlabbesaintporchaire\/wp-json\/wp\/v2\/comments?post=14158"}],"version-history":[{"count":2,"href":"https:\/\/catholiques17.fr\/pontlabbesaintporchaire\/wp-json\/wp\/v2\/posts\/14158\/revisions"}],"predecessor-version":[{"id":14174,"href":"https:\/\/catholiques17.fr\/pontlabbesaintporchaire\/wp-json\/wp\/v2\/posts\/14158\/revisions\/14174"}],"wp:featuredmedia":[{"embeddable":true,"href":"https:\/\/catholiques17.fr\/pontlabbesaintporchaire\/wp-json\/wp\/v2\/media\/14159"}],"wp:attachment":[{"href":"https:\/\/catholiques17.fr\/pontlabbesaintporchaire\/wp-json\/wp\/v2\/media?parent=14158"}],"wp:term":[{"taxonomy":"category","embeddable":true,"href":"https:\/\/catholiques17.fr\/pontlabbesaintporchaire\/wp-json\/wp\/v2\/categories?post=14158"},{"taxonomy":"post_tag","embeddable":true,"href":"https:\/\/catholiques17.fr\/pontlabbesaintporchaire\/wp-json\/wp\/v2\/tags?post=14158"}],"curies":[{"name":"wp","href":"https:\/\/api.w.org\/{rel}","templated":true}]}}