{"id":14152,"date":"2026-01-13T10:03:11","date_gmt":"2026-01-13T09:03:11","guid":{"rendered":"https:\/\/catholiques17.fr\/pontlabbesaintporchaire\/?p=14152"},"modified":"2026-01-13T10:03:13","modified_gmt":"2026-01-13T09:03:13","slug":"pelerinage-au-mont-saint-michel","status":"publish","type":"post","link":"https:\/\/catholiques17.fr\/pontlabbesaintporchaire\/2026\/01\/13\/pelerinage-au-mont-saint-michel\/","title":{"rendered":"P\u00e8lerinage au Mont Saint Michel"},"content":{"rendered":"\n<div style=\"height:100px\" aria-hidden=\"true\" class=\"wp-block-spacer\"><\/div>\n\n\n\n<p>Du 13 au 17 avril 2026 aura lieu un p\u00e8lerinage au Mont Saint Michel !<\/p>\n\n\n\n<p>Au programme :<br>-D\u00e9couverte du mont<br>-Travers\u00e9e de la baie<br>-Rencontre avec les moines<br>-Temps spirituels<br>-D\u00e9couverte de Pontmain (lieu d\u2019apparition spirituelle)<br>Et bien d\u2019autres choses encore !<\/p>\n\n\n\n<div style=\"height:100px\" aria-hidden=\"true\" class=\"wp-block-spacer\"><\/div>\n\n\n\n<div class=\"wp-block-buttons is-content-justification-center is-layout-flex wp-container-core-buttons-is-layout-16018d1d wp-block-buttons-is-layout-flex\">\n<div class=\"wp-block-button\"><a class=\"wp-block-button__link wp-element-button\" href=\"https:\/\/jeunes17.fr\/pelerinage-au-mont-saint-michel\/\">Pour plus d&rsquo;informations et pour vous inscrire, cliquez ici<\/a><\/div>\n<\/div>\n","protected":false},"excerpt":{"rendered":"<p>Du 13 au 17 avril 2026 aura lieu un p\u00e8lerinage au Mont Saint Michel ! Au programme :-D\u00e9couverte du mont-Travers\u00e9e de la baie-Rencontre avec les moines-Temps spirituels-D\u00e9couverte de Pontmain (lieu [&hellip;]<\/p>\n","protected":false},"author":63,"featured_media":14153,"comment_status":"open","ping_status":"open","sticky":false,"template":"","format":"standard","meta":{"_et_pb_use_builder":"off","_et_pb_old_content":"","_et_gb_content_width":"","footnotes":""},"categories":[6,24,27,36],"tags":[],"class_list":["post-14152","post","type-post","status-publish","format-standard","has-post-thumbnail","hentry","category-actualite","category-annonces","category-jeunes","category-pelerinage"],"_links":{"self":[{"href":"https:\/\/catholiques17.fr\/pontlabbesaintporchaire\/wp-json\/wp\/v2\/posts\/14152","targetHints":{"allow":["GET"]}}],"collection":[{"href":"https:\/\/catholiques17.fr\/pontlabbesaintporchaire\/wp-json\/wp\/v2\/posts"}],"about":[{"href":"https:\/\/catholiques17.fr\/pontlabbesaintporchaire\/wp-json\/wp\/v2\/types\/post"}],"author":[{"embeddable":true,"href":"https:\/\/catholiques17.fr\/pontlabbesaintporchaire\/wp-json\/wp\/v2\/users\/63"}],"replies":[{"embeddable":true,"href":"https:\/\/catholiques17.fr\/pontlabbesaintporchaire\/wp-json\/wp\/v2\/comments?post=14152"}],"version-history":[{"count":1,"href":"https:\/\/catholiques17.fr\/pontlabbesaintporchaire\/wp-json\/wp\/v2\/posts\/14152\/revisions"}],"predecessor-version":[{"id":14154,"href":"https:\/\/catholiques17.fr\/pontlabbesaintporchaire\/wp-json\/wp\/v2\/posts\/14152\/revisions\/14154"}],"wp:featuredmedia":[{"embeddable":true,"href":"https:\/\/catholiques17.fr\/pontlabbesaintporchaire\/wp-json\/wp\/v2\/media\/14153"}],"wp:attachment":[{"href":"https:\/\/catholiques17.fr\/pontlabbesaintporchaire\/wp-json\/wp\/v2\/media?parent=14152"}],"wp:term":[{"taxonomy":"category","embeddable":true,"href":"https:\/\/catholiques17.fr\/pontlabbesaintporchaire\/wp-json\/wp\/v2\/categories?post=14152"},{"taxonomy":"post_tag","embeddable":true,"href":"https:\/\/catholiques17.fr\/pontlabbesaintporchaire\/wp-json\/wp\/v2\/tags?post=14152"}],"curies":[{"name":"wp","href":"https:\/\/api.w.org\/{rel}","templated":true}]}}