{"id":14146,"date":"2026-01-13T09:58:06","date_gmt":"2026-01-13T08:58:06","guid":{"rendered":"https:\/\/catholiques17.fr\/pontlabbesaintporchaire\/?p=14146"},"modified":"2026-01-13T09:58:54","modified_gmt":"2026-01-13T08:58:54","slug":"pele-des-collegiens-a-lourdes","status":"publish","type":"post","link":"https:\/\/catholiques17.fr\/pontlabbesaintporchaire\/2026\/01\/13\/pele-des-collegiens-a-lourdes\/","title":{"rendered":"P\u00e9l\u00e9 des coll\u00e9giens \u00e0 Lourdes"},"content":{"rendered":"\n<div style=\"height:100px\" aria-hidden=\"true\" class=\"wp-block-spacer\"><\/div>\n\n\n\n<p>Du 9 au 13 f\u00e9vrier 2026 se d\u00e9roulera un p\u00e8lerinage des coll\u00e9giens \u00e0 Lourdes (pour les 12-18 ans).<\/p>\n\n\n\n<p>Au programme :&nbsp;<br>D\u00e9couverte de Lourdes, Processions, Passage \u00e0 la grotte, \u2026 et bien plus encore !<\/p>\n\n\n\n<div style=\"height:100px\" aria-hidden=\"true\" class=\"wp-block-spacer\"><\/div>\n\n\n\n<div class=\"wp-block-buttons is-content-justification-center is-layout-flex wp-container-core-buttons-is-layout-16018d1d wp-block-buttons-is-layout-flex\">\n<div class=\"wp-block-button\"><a class=\"wp-block-button__link wp-element-button\" href=\"https:\/\/jeunes17.fr\/pele-des-collegiens-a-lourdes\/\" target=\"_blank\" rel=\"noreferrer noopener\">Pour plus d&rsquo;informations et pour vous inscrire, cliquez ici<\/a><\/div>\n<\/div>\n","protected":false},"excerpt":{"rendered":"<p>Du 9 au 13 f\u00e9vrier 2026 se d\u00e9roulera un p\u00e8lerinage des coll\u00e9giens \u00e0 Lourdes (pour les 12-18 ans). Au programme :&nbsp;D\u00e9couverte de Lourdes, Processions, Passage \u00e0 la grotte, \u2026 et [&hellip;]<\/p>\n","protected":false},"author":63,"featured_media":14147,"comment_status":"open","ping_status":"open","sticky":false,"template":"","format":"standard","meta":{"_et_pb_use_builder":"off","_et_pb_old_content":"","_et_gb_content_width":"","footnotes":""},"categories":[6,24,27,36],"tags":[],"class_list":["post-14146","post","type-post","status-publish","format-standard","has-post-thumbnail","hentry","category-actualite","category-annonces","category-jeunes","category-pelerinage"],"_links":{"self":[{"href":"https:\/\/catholiques17.fr\/pontlabbesaintporchaire\/wp-json\/wp\/v2\/posts\/14146","targetHints":{"allow":["GET"]}}],"collection":[{"href":"https:\/\/catholiques17.fr\/pontlabbesaintporchaire\/wp-json\/wp\/v2\/posts"}],"about":[{"href":"https:\/\/catholiques17.fr\/pontlabbesaintporchaire\/wp-json\/wp\/v2\/types\/post"}],"author":[{"embeddable":true,"href":"https:\/\/catholiques17.fr\/pontlabbesaintporchaire\/wp-json\/wp\/v2\/users\/63"}],"replies":[{"embeddable":true,"href":"https:\/\/catholiques17.fr\/pontlabbesaintporchaire\/wp-json\/wp\/v2\/comments?post=14146"}],"version-history":[{"count":2,"href":"https:\/\/catholiques17.fr\/pontlabbesaintporchaire\/wp-json\/wp\/v2\/posts\/14146\/revisions"}],"predecessor-version":[{"id":14149,"href":"https:\/\/catholiques17.fr\/pontlabbesaintporchaire\/wp-json\/wp\/v2\/posts\/14146\/revisions\/14149"}],"wp:featuredmedia":[{"embeddable":true,"href":"https:\/\/catholiques17.fr\/pontlabbesaintporchaire\/wp-json\/wp\/v2\/media\/14147"}],"wp:attachment":[{"href":"https:\/\/catholiques17.fr\/pontlabbesaintporchaire\/wp-json\/wp\/v2\/media?parent=14146"}],"wp:term":[{"taxonomy":"category","embeddable":true,"href":"https:\/\/catholiques17.fr\/pontlabbesaintporchaire\/wp-json\/wp\/v2\/categories?post=14146"},{"taxonomy":"post_tag","embeddable":true,"href":"https:\/\/catholiques17.fr\/pontlabbesaintporchaire\/wp-json\/wp\/v2\/tags?post=14146"}],"curies":[{"name":"wp","href":"https:\/\/api.w.org\/{rel}","templated":true}]}}