{"id":14110,"date":"2026-01-02T12:38:13","date_gmt":"2026-01-02T11:38:13","guid":{"rendered":"https:\/\/catholiques17.fr\/pontlabbesaintporchaire\/?p=14110"},"modified":"2026-01-02T12:38:16","modified_gmt":"2026-01-02T11:38:16","slug":"samedi-10-janvier-soiree-mug-des-18h-a-st-sulpice","status":"publish","type":"post","link":"https:\/\/catholiques17.fr\/pontlabbesaintporchaire\/2026\/01\/02\/samedi-10-janvier-soiree-mug-des-18h-a-st-sulpice\/","title":{"rendered":"Samedi 10 janvier : Soir\u00e9e MuG d\u00e8s 18h \u00e0 St Sulpice"},"content":{"rendered":"\n<div style=\"height:100px\" aria-hidden=\"true\" class=\"wp-block-spacer\"><\/div>\n\n\n\n<p><br>Soir\u00e9e anim\u00e9e par l\u2019\u00e9quipe MuG (Messe Und Game) de Pont l\u2019Abb\u00e9 \u2013 St Porchaire, pour t\u00e9moigner que la messe est une joie ! Rendez-vous d\u00e8s 18h \u00e0 l\u2019\u00e9glise de St Sulpice pour suivre la messe. Ensuite tous les paroissiens sont invit\u00e9s \u00e0 se r\u00e9unir \u00e0 la cure pour une soir\u00e9e de partage autour d\u2019un repas soupe, galette des rois et jeux anim\u00e9s par l\u2019\u00e9quipe\u2026toujours dans un esprit convivial. Pensez \u00e0 apporter vos mugs, vos bols et couverts, et votre bonne humeur !<\/p>\n\n\n\n<p>Si vous souhaitez rejoindre l\u2019\u00e9quipe MuG, participer \u00e0 la pr\u00e9paration des repas, ou simplement venir passer un bon moment tous ensemble, n\u2019h\u00e9sitez pas \u00e0 venir directement ou \u00e0 nous contacter pour plus de d\u00e9tails.<\/p>\n\n\n\n<p>Contact : Elsa et Teddy FILLON au 06 24 18 78 22<\/p>\n","protected":false},"excerpt":{"rendered":"<p>Soir\u00e9e anim\u00e9e par l\u2019\u00e9quipe MuG (Messe Und Game) de Pont l\u2019Abb\u00e9 \u2013 St Porchaire, pour t\u00e9moigner que la messe est une joie ! Rendez-vous d\u00e8s 18h \u00e0 l\u2019\u00e9glise de St [&hellip;]<\/p>\n","protected":false},"author":63,"featured_media":12602,"comment_status":"open","ping_status":"open","sticky":false,"template":"","format":"standard","meta":{"_et_pb_use_builder":"off","_et_pb_old_content":"","_et_gb_content_width":"","footnotes":""},"categories":[6],"tags":[],"class_list":["post-14110","post","type-post","status-publish","format-standard","has-post-thumbnail","hentry","category-actualite"],"_links":{"self":[{"href":"https:\/\/catholiques17.fr\/pontlabbesaintporchaire\/wp-json\/wp\/v2\/posts\/14110","targetHints":{"allow":["GET"]}}],"collection":[{"href":"https:\/\/catholiques17.fr\/pontlabbesaintporchaire\/wp-json\/wp\/v2\/posts"}],"about":[{"href":"https:\/\/catholiques17.fr\/pontlabbesaintporchaire\/wp-json\/wp\/v2\/types\/post"}],"author":[{"embeddable":true,"href":"https:\/\/catholiques17.fr\/pontlabbesaintporchaire\/wp-json\/wp\/v2\/users\/63"}],"replies":[{"embeddable":true,"href":"https:\/\/catholiques17.fr\/pontlabbesaintporchaire\/wp-json\/wp\/v2\/comments?post=14110"}],"version-history":[{"count":1,"href":"https:\/\/catholiques17.fr\/pontlabbesaintporchaire\/wp-json\/wp\/v2\/posts\/14110\/revisions"}],"predecessor-version":[{"id":14111,"href":"https:\/\/catholiques17.fr\/pontlabbesaintporchaire\/wp-json\/wp\/v2\/posts\/14110\/revisions\/14111"}],"wp:featuredmedia":[{"embeddable":true,"href":"https:\/\/catholiques17.fr\/pontlabbesaintporchaire\/wp-json\/wp\/v2\/media\/12602"}],"wp:attachment":[{"href":"https:\/\/catholiques17.fr\/pontlabbesaintporchaire\/wp-json\/wp\/v2\/media?parent=14110"}],"wp:term":[{"taxonomy":"category","embeddable":true,"href":"https:\/\/catholiques17.fr\/pontlabbesaintporchaire\/wp-json\/wp\/v2\/categories?post=14110"},{"taxonomy":"post_tag","embeddable":true,"href":"https:\/\/catholiques17.fr\/pontlabbesaintporchaire\/wp-json\/wp\/v2\/tags?post=14110"}],"curies":[{"name":"wp","href":"https:\/\/api.w.org\/{rel}","templated":true}]}}