{"id":13960,"date":"2025-11-21T09:32:24","date_gmt":"2025-11-21T08:32:24","guid":{"rendered":"https:\/\/catholiques17.fr\/pontlabbesaintporchaire\/?p=13960"},"modified":"2025-11-21T09:33:25","modified_gmt":"2025-11-21T08:33:25","slug":"13-decembre-concert-voix-de-saintonge-chantent-noel","status":"publish","type":"post","link":"https:\/\/catholiques17.fr\/pontlabbesaintporchaire\/2025\/11\/21\/13-decembre-concert-voix-de-saintonge-chantent-noel\/","title":{"rendered":"13 d\u00e9cembre : Concert &#8211; Voix de Saintonge chantent No\u00ebl"},"content":{"rendered":"\n<div style=\"height:100px\" aria-hidden=\"true\" class=\"wp-block-spacer\"><\/div>\n\n\n\n<p class=\"has-text-align-center\">No\u00ebl arrive \u00e0 grands pas, et qui dit No\u00ebl dit concert de No\u00ebl sur notre secteur pastoral !<\/p>\n\n\n\n<p class=\"has-text-align-center\">Cette ann\u00e9e, les Voix de Saintonge nous font profiter de leurs belles voix et chantent No\u00ebl lors d&rsquo;un concert \u00e0 l&rsquo;\u00e9glise de Saint Porchaire, le samedi 13 d\u00e9cembre \u00e0 20h30. <\/p>\n\n\n\n<p class=\"has-text-align-center\">Vous \u00eates tous les bienvenus pour venir passer un agr\u00e9able moment m\u00e9lodieux !<\/p>\n","protected":false},"excerpt":{"rendered":"<p>No\u00ebl arrive \u00e0 grands pas, et qui dit No\u00ebl dit concert de No\u00ebl sur notre secteur pastoral ! Cette ann\u00e9e, les Voix de Saintonge nous font profiter de leurs belles [&hellip;]<\/p>\n","protected":false},"author":63,"featured_media":13958,"comment_status":"open","ping_status":"open","sticky":false,"template":"","format":"standard","meta":{"_et_pb_use_builder":"off","_et_pb_old_content":"","_et_gb_content_width":"","footnotes":""},"categories":[6,24,35,32,33],"tags":[],"class_list":["post-13960","post","type-post","status-publish","format-standard","has-post-thumbnail","hentry","category-actualite","category-annonces","category-concert","category-noel","category-paroisse"],"_links":{"self":[{"href":"https:\/\/catholiques17.fr\/pontlabbesaintporchaire\/wp-json\/wp\/v2\/posts\/13960","targetHints":{"allow":["GET"]}}],"collection":[{"href":"https:\/\/catholiques17.fr\/pontlabbesaintporchaire\/wp-json\/wp\/v2\/posts"}],"about":[{"href":"https:\/\/catholiques17.fr\/pontlabbesaintporchaire\/wp-json\/wp\/v2\/types\/post"}],"author":[{"embeddable":true,"href":"https:\/\/catholiques17.fr\/pontlabbesaintporchaire\/wp-json\/wp\/v2\/users\/63"}],"replies":[{"embeddable":true,"href":"https:\/\/catholiques17.fr\/pontlabbesaintporchaire\/wp-json\/wp\/v2\/comments?post=13960"}],"version-history":[{"count":2,"href":"https:\/\/catholiques17.fr\/pontlabbesaintporchaire\/wp-json\/wp\/v2\/posts\/13960\/revisions"}],"predecessor-version":[{"id":13962,"href":"https:\/\/catholiques17.fr\/pontlabbesaintporchaire\/wp-json\/wp\/v2\/posts\/13960\/revisions\/13962"}],"wp:featuredmedia":[{"embeddable":true,"href":"https:\/\/catholiques17.fr\/pontlabbesaintporchaire\/wp-json\/wp\/v2\/media\/13958"}],"wp:attachment":[{"href":"https:\/\/catholiques17.fr\/pontlabbesaintporchaire\/wp-json\/wp\/v2\/media?parent=13960"}],"wp:term":[{"taxonomy":"category","embeddable":true,"href":"https:\/\/catholiques17.fr\/pontlabbesaintporchaire\/wp-json\/wp\/v2\/categories?post=13960"},{"taxonomy":"post_tag","embeddable":true,"href":"https:\/\/catholiques17.fr\/pontlabbesaintporchaire\/wp-json\/wp\/v2\/tags?post=13960"}],"curies":[{"name":"wp","href":"https:\/\/api.w.org\/{rel}","templated":true}]}}