{"id":13911,"date":"2025-10-31T09:24:06","date_gmt":"2025-10-31T08:24:06","guid":{"rendered":"https:\/\/catholiques17.fr\/pontlabbesaintporchaire\/?p=13911"},"modified":"2025-10-31T09:31:26","modified_gmt":"2025-10-31T08:31:26","slug":"vente-de-pains-depices-de-la-celebre-fabrique-alsacienne-fortwenger-a-gertwiller-afin-de-financer-le-forage-dun-puits-au-benin","status":"publish","type":"post","link":"https:\/\/catholiques17.fr\/pontlabbesaintporchaire\/2025\/10\/31\/vente-de-pains-depices-de-la-celebre-fabrique-alsacienne-fortwenger-a-gertwiller-afin-de-financer-le-forage-dun-puits-au-benin\/","title":{"rendered":"Vente de pains d\u2019\u00e9pices de la c\u00e9l\u00e8bre fabrique alsacienne Fortwenger \u00e0 Gertwiller afin de financer le forage d\u2019un puits au B\u00e9nin"},"content":{"rendered":"\n<div style=\"height:100px\" aria-hidden=\"true\" class=\"wp-block-spacer\"><\/div>\n\n\n\n<p>Samedi 1er novembre \u00e0 Pont l\u2019Abb\u00e9 et dimanche 2 novembre \u00e0 St Porchaire l\u2019association \u00ab Regards d\u2019Amour \u00bb vous proposera d\u2019acheter des pains d\u2019\u00e9pices de la c\u00e9l\u00e8bre fabrique alsacienne Fortwenger \u00e0 Gertwiller afin de financer le forage d\u2019un puits au B\u00e9nin. Plus de pr\u00e9cisions pendant les annonces aux diff\u00e9rentes messes. Merci pour nos B\u00e9ninois.<\/p>\n","protected":false},"excerpt":{"rendered":"<p>Samedi 1er novembre \u00e0 Pont l\u2019Abb\u00e9 et dimanche 2 novembre \u00e0 St Porchaire l\u2019association \u00ab Regards d\u2019Amour \u00bb vous proposera d\u2019acheter des pains d\u2019\u00e9pices de la c\u00e9l\u00e8bre fabrique alsacienne Fortwenger [&hellip;]<\/p>\n","protected":false},"author":63,"featured_media":13913,"comment_status":"open","ping_status":"open","sticky":false,"template":"","format":"standard","meta":{"_et_pb_use_builder":"off","_et_pb_old_content":"","_et_gb_content_width":"","footnotes":""},"categories":[6],"tags":[],"class_list":["post-13911","post","type-post","status-publish","format-standard","has-post-thumbnail","hentry","category-actualite"],"_links":{"self":[{"href":"https:\/\/catholiques17.fr\/pontlabbesaintporchaire\/wp-json\/wp\/v2\/posts\/13911","targetHints":{"allow":["GET"]}}],"collection":[{"href":"https:\/\/catholiques17.fr\/pontlabbesaintporchaire\/wp-json\/wp\/v2\/posts"}],"about":[{"href":"https:\/\/catholiques17.fr\/pontlabbesaintporchaire\/wp-json\/wp\/v2\/types\/post"}],"author":[{"embeddable":true,"href":"https:\/\/catholiques17.fr\/pontlabbesaintporchaire\/wp-json\/wp\/v2\/users\/63"}],"replies":[{"embeddable":true,"href":"https:\/\/catholiques17.fr\/pontlabbesaintporchaire\/wp-json\/wp\/v2\/comments?post=13911"}],"version-history":[{"count":1,"href":"https:\/\/catholiques17.fr\/pontlabbesaintporchaire\/wp-json\/wp\/v2\/posts\/13911\/revisions"}],"predecessor-version":[{"id":13912,"href":"https:\/\/catholiques17.fr\/pontlabbesaintporchaire\/wp-json\/wp\/v2\/posts\/13911\/revisions\/13912"}],"wp:featuredmedia":[{"embeddable":true,"href":"https:\/\/catholiques17.fr\/pontlabbesaintporchaire\/wp-json\/wp\/v2\/media\/13913"}],"wp:attachment":[{"href":"https:\/\/catholiques17.fr\/pontlabbesaintporchaire\/wp-json\/wp\/v2\/media?parent=13911"}],"wp:term":[{"taxonomy":"category","embeddable":true,"href":"https:\/\/catholiques17.fr\/pontlabbesaintporchaire\/wp-json\/wp\/v2\/categories?post=13911"},{"taxonomy":"post_tag","embeddable":true,"href":"https:\/\/catholiques17.fr\/pontlabbesaintporchaire\/wp-json\/wp\/v2\/tags?post=13911"}],"curies":[{"name":"wp","href":"https:\/\/api.w.org\/{rel}","templated":true}]}}