{"id":13883,"date":"2025-10-25T10:33:04","date_gmt":"2025-10-25T08:33:04","guid":{"rendered":"https:\/\/catholiques17.fr\/pontlabbesaintporchaire\/?p=13883"},"modified":"2025-10-25T10:33:06","modified_gmt":"2025-10-25T08:33:06","slug":"benediction-des-cimetieres-de-port-denvaux-romegoux-et-st-porchaire-pour-la-commemoration-des-fideles-defunts","status":"publish","type":"post","link":"https:\/\/catholiques17.fr\/pontlabbesaintporchaire\/2025\/10\/25\/benediction-des-cimetieres-de-port-denvaux-romegoux-et-st-porchaire-pour-la-commemoration-des-fideles-defunts\/","title":{"rendered":"B\u00e9n\u00e9diction des cimeti\u00e8res de Port d&rsquo;Envaux, Romegoux et St Porchaire pour la comm\u00e9moration des fid\u00e8les d\u00e9funts"},"content":{"rendered":"\n<div style=\"height:100px\" aria-hidden=\"true\" class=\"wp-block-spacer\"><\/div>\n\n\n\n<p>Dimanche 2 novembre pour la comm\u00e9moration des fid\u00e8les d\u00e9funts, le P\u00e8re Valens et notre diacre G\u00e9rard b\u00e9niront les cimeti\u00e8res de Port d\u2019Envaux et de Romegoux \u00e0 9h et celui de St Porchaire apr\u00e8s la messe de 10h30. Venez nombreux pour les accompagner. Ils b\u00e9niront les tombes de vos familles.<\/p>\n\n\n\n<p>Si vous d\u00e9sirez que le P\u00e8re Valens ou le diacre G\u00e9rard vous accompagne pour visiter les cimeti\u00e8res et les caveaux familiaux au cours de la semaine qui suit le 2 novembre, contactez le P\u00e8re Valens au 07.57.45.71.07<\/p>\n","protected":false},"excerpt":{"rendered":"<p>Dimanche 2 novembre pour la comm\u00e9moration des fid\u00e8les d\u00e9funts, le P\u00e8re Valens et notre diacre G\u00e9rard b\u00e9niront les cimeti\u00e8res de Port d\u2019Envaux et de Romegoux \u00e0 9h et celui de [&hellip;]<\/p>\n","protected":false},"author":63,"featured_media":13880,"comment_status":"open","ping_status":"open","sticky":false,"template":"","format":"standard","meta":{"_et_pb_use_builder":"off","_et_pb_old_content":"","_et_gb_content_width":"","footnotes":""},"categories":[6,33],"tags":[],"class_list":["post-13883","post","type-post","status-publish","format-standard","has-post-thumbnail","hentry","category-actualite","category-paroisse"],"_links":{"self":[{"href":"https:\/\/catholiques17.fr\/pontlabbesaintporchaire\/wp-json\/wp\/v2\/posts\/13883","targetHints":{"allow":["GET"]}}],"collection":[{"href":"https:\/\/catholiques17.fr\/pontlabbesaintporchaire\/wp-json\/wp\/v2\/posts"}],"about":[{"href":"https:\/\/catholiques17.fr\/pontlabbesaintporchaire\/wp-json\/wp\/v2\/types\/post"}],"author":[{"embeddable":true,"href":"https:\/\/catholiques17.fr\/pontlabbesaintporchaire\/wp-json\/wp\/v2\/users\/63"}],"replies":[{"embeddable":true,"href":"https:\/\/catholiques17.fr\/pontlabbesaintporchaire\/wp-json\/wp\/v2\/comments?post=13883"}],"version-history":[{"count":1,"href":"https:\/\/catholiques17.fr\/pontlabbesaintporchaire\/wp-json\/wp\/v2\/posts\/13883\/revisions"}],"predecessor-version":[{"id":13884,"href":"https:\/\/catholiques17.fr\/pontlabbesaintporchaire\/wp-json\/wp\/v2\/posts\/13883\/revisions\/13884"}],"wp:featuredmedia":[{"embeddable":true,"href":"https:\/\/catholiques17.fr\/pontlabbesaintporchaire\/wp-json\/wp\/v2\/media\/13880"}],"wp:attachment":[{"href":"https:\/\/catholiques17.fr\/pontlabbesaintporchaire\/wp-json\/wp\/v2\/media?parent=13883"}],"wp:term":[{"taxonomy":"category","embeddable":true,"href":"https:\/\/catholiques17.fr\/pontlabbesaintporchaire\/wp-json\/wp\/v2\/categories?post=13883"},{"taxonomy":"post_tag","embeddable":true,"href":"https:\/\/catholiques17.fr\/pontlabbesaintporchaire\/wp-json\/wp\/v2\/tags?post=13883"}],"curies":[{"name":"wp","href":"https:\/\/api.w.org\/{rel}","templated":true}]}}