{"id":13802,"date":"2025-10-10T20:58:47","date_gmt":"2025-10-10T18:58:47","guid":{"rendered":"https:\/\/catholiques17.fr\/pontlabbesaintporchaire\/?p=13802"},"modified":"2025-10-14T11:48:21","modified_gmt":"2025-10-14T09:48:21","slug":"accueil-de-mgr-pierre-antoine-bozo-eveque-coadjuteur-a-la-cathedrale-st-louis-de-la-rochelle","status":"publish","type":"post","link":"https:\/\/catholiques17.fr\/pontlabbesaintporchaire\/2025\/10\/10\/accueil-de-mgr-pierre-antoine-bozo-eveque-coadjuteur-a-la-cathedrale-st-louis-de-la-rochelle\/","title":{"rendered":"Accueil de Mgr Pierre-Antoine BOZO \u00e9v\u00eaque coadjuteur \u00e0 la Cath\u00e9drale St Louis de La Rochelle"},"content":{"rendered":"\n<div style=\"height:100px\" aria-hidden=\"true\" class=\"wp-block-spacer\"><\/div>\n\n\n\n<figure class=\"wp-block-image aligncenter size-full\"><img loading=\"lazy\" decoding=\"async\" width=\"566\" height=\"800\" src=\"https:\/\/catholiques17.fr\/pontlabbesaintporchaire\/wp-content\/uploads\/sites\/38\/2025\/10\/Mgr-Bozo_pages-to-jpg-0001.jpg\" alt=\"\" class=\"wp-image-13796\" srcset=\"https:\/\/catholiques17.fr\/pontlabbesaintporchaire\/wp-content\/uploads\/sites\/38\/2025\/10\/Mgr-Bozo_pages-to-jpg-0001.jpg 566w, https:\/\/catholiques17.fr\/pontlabbesaintporchaire\/wp-content\/uploads\/sites\/38\/2025\/10\/Mgr-Bozo_pages-to-jpg-0001-480x678.jpg 480w\" sizes=\"(min-width: 0px) and (max-width: 480px) 480px, (min-width: 481px) 566px, 100vw\" \/><\/figure>\n\n\n\n<div style=\"height:100px\" aria-hidden=\"true\" class=\"wp-block-spacer\"><\/div>\n\n\n\n<p>Dimanche 19 octobre \u00e0 15h30, \u00e0 la cath\u00e9drale Saint-Louis de La Rochelle, messe d&rsquo;installation avec une d\u00e9l\u00e9gation envoy\u00e9e par chaque paroisse. Retransmission en direct au Lyc\u00e9e F\u00e9nelon, sur RCF et sur catholiques17.fr &#8211; Entr\u00e9e uniquement sur invitation.<\/p>\n\n\n\n<p>Dimanche 26 octobre \u00e0 15h30, \u00e0 la cath\u00e9drale Saint-Pierre de Saintes, messe de pr\u00e9sentation du dioc\u00e8se ouverte \u00e0 tous.<\/p>\n\n\n\n<div style=\"height:100px\" aria-hidden=\"true\" class=\"wp-block-spacer\"><\/div>\n\n\n\n<div class=\"wp-block-buttons is-content-justification-center is-layout-flex wp-container-core-buttons-is-layout-16018d1d wp-block-buttons-is-layout-flex\">\n<div class=\"wp-block-button\"><a class=\"wp-block-button__link wp-element-button\" href=\"https:\/\/catholiques17.fr\/accueil-de-mgr-pierre-antoine-bozo\/\" target=\"_blank\" rel=\"noreferrer noopener nofollow\">Pour plus d&rsquo;informations<\/a><\/div>\n<\/div>\n","protected":false},"excerpt":{"rendered":"<p>Dimanche 19 octobre \u00e0 15h30, \u00e0 la cath\u00e9drale Saint-Louis de La Rochelle, messe d&rsquo;installation avec une d\u00e9l\u00e9gation envoy\u00e9e par chaque paroisse. Retransmission en direct au Lyc\u00e9e F\u00e9nelon, sur RCF et [&hellip;]<\/p>\n","protected":false},"author":63,"featured_media":13807,"comment_status":"open","ping_status":"open","sticky":false,"template":"","format":"standard","meta":{"_et_pb_use_builder":"off","_et_pb_old_content":"","_et_gb_content_width":"","footnotes":""},"categories":[6,24,23],"tags":[],"class_list":["post-13802","post","type-post","status-publish","format-standard","has-post-thumbnail","hentry","category-actualite","category-annonces","category-diocese"],"_links":{"self":[{"href":"https:\/\/catholiques17.fr\/pontlabbesaintporchaire\/wp-json\/wp\/v2\/posts\/13802","targetHints":{"allow":["GET"]}}],"collection":[{"href":"https:\/\/catholiques17.fr\/pontlabbesaintporchaire\/wp-json\/wp\/v2\/posts"}],"about":[{"href":"https:\/\/catholiques17.fr\/pontlabbesaintporchaire\/wp-json\/wp\/v2\/types\/post"}],"author":[{"embeddable":true,"href":"https:\/\/catholiques17.fr\/pontlabbesaintporchaire\/wp-json\/wp\/v2\/users\/63"}],"replies":[{"embeddable":true,"href":"https:\/\/catholiques17.fr\/pontlabbesaintporchaire\/wp-json\/wp\/v2\/comments?post=13802"}],"version-history":[{"count":7,"href":"https:\/\/catholiques17.fr\/pontlabbesaintporchaire\/wp-json\/wp\/v2\/posts\/13802\/revisions"}],"predecessor-version":[{"id":13827,"href":"https:\/\/catholiques17.fr\/pontlabbesaintporchaire\/wp-json\/wp\/v2\/posts\/13802\/revisions\/13827"}],"wp:featuredmedia":[{"embeddable":true,"href":"https:\/\/catholiques17.fr\/pontlabbesaintporchaire\/wp-json\/wp\/v2\/media\/13807"}],"wp:attachment":[{"href":"https:\/\/catholiques17.fr\/pontlabbesaintporchaire\/wp-json\/wp\/v2\/media?parent=13802"}],"wp:term":[{"taxonomy":"category","embeddable":true,"href":"https:\/\/catholiques17.fr\/pontlabbesaintporchaire\/wp-json\/wp\/v2\/categories?post=13802"},{"taxonomy":"post_tag","embeddable":true,"href":"https:\/\/catholiques17.fr\/pontlabbesaintporchaire\/wp-json\/wp\/v2\/tags?post=13802"}],"curies":[{"name":"wp","href":"https:\/\/api.w.org\/{rel}","templated":true}]}}