{"id":13748,"date":"2025-09-26T13:22:36","date_gmt":"2025-09-26T11:22:36","guid":{"rendered":"https:\/\/catholiques17.fr\/pontlabbesaintporchaire\/?p=13748"},"modified":"2025-09-26T13:22:39","modified_gmt":"2025-09-26T11:22:39","slug":"le-festival-chretien-en-charente-maritime","status":"publish","type":"post","link":"https:\/\/catholiques17.fr\/pontlabbesaintporchaire\/2025\/09\/26\/le-festival-chretien-en-charente-maritime\/","title":{"rendered":"Le Festival chr\u00e9tien en Charente-Maritime"},"content":{"rendered":"\n<div style=\"height:100px\" aria-hidden=\"true\" class=\"wp-block-spacer\"><\/div>\n\n\n\n<p>Le Festival chr\u00e9tien en Charente-Maritime invite la culture chr\u00e9tienne dans notre dioc\u00e8se, et revient avec une nouvelle programmation 2025-2026 riche de 4 \u00e9v\u00e8nements. Ceux-ci se d\u00e9rouleront d\u00e9sormais en pays-rochefortais et en pays-royannais.<\/p>\n\n\n\n<p>4 \u00e9v\u00e9nements ; Cin\u00e9-Conf\u00e9rence,&nbsp;Cin\u00e9-Jeunes, Cin\u00e9-Familles et exposition itin\u00e9rante, qui \u00e9clairent nos vies et \u00e9l\u00e8vent nos regards. Pour tous les \u00e2ges !<\/p>\n\n\n\n<div style=\"height:100px\" aria-hidden=\"true\" class=\"wp-block-spacer\"><\/div>\n\n\n\n<p>=&gt; Cin\u00e9-Conf\u00e9rence &#8211; \u00ab\u00a0En qu\u00eate d&rsquo;essentiel !\u00a0\u00bb &#8211; Avec la projection du documentaire \u00ab\u00a0Libres\u00a0\u00bb<\/p>\n\n\n\n<p>Le monde actuel nous offre un confort mat\u00e9riel et des occasions d\u2019explorer, de communiquer, de voyager quasiment in\u00e9dits. Et pourtant, le<\/p>\n\n\n\n<p>bien-\u00eatre ou le bonheur que les outils actuels (notamment num\u00e9riques) nous procurent, ne sont-ils pas cause d&rsquo;asservissement ? Dans ce monde<\/p>\n\n\n\n<p>qui \u00e9volue \u00e0 toute vitesse, ou l&rsquo;amiti\u00e9 et l&rsquo;intelligence deviennent artificielles, que signifie \u00eatre heureux (se), \u00eatre vrai(e), \u00eatre libre ? Les moniales et les moines qui t\u00e9moignent dans \u00ab&nbsp;Libres \u00bb, nous montrent leur chemin vers la libert\u00e9 gr\u00e2ce aux renoncements et \u00e0 la qu\u00eate de ce qui est essentiel.<\/p>\n\n\n\n<p><strong>A Royan<\/strong>&nbsp;&#8211; Cin\u00e9ma Le Lido, le dimanche&nbsp;28 septembre \u00e0 16h00 avec l&rsquo;intervention de s\u0153ur Brune-Marie, Franciscaine de Royan.<\/p>\n\n\n\n<p><strong>A Rochefort<\/strong>&nbsp;&#8211; Cin\u00e9ma Apollo Cin\u00e9 8, le dimanche 12 octobre \u00e0 16h00 avec l&rsquo;intervention de fr\u00e8re Micha\u00ebl-Marie, Dominicain de Bordeaux.<\/p>\n\n\n\n<p>Un verre de l&rsquo;amiti\u00e9 cl\u00f4turera chacun des \u00e9v\u00e8nements.<\/p>\n\n\n\n<p>R\u00e9servation recommand\u00e9e aupr\u00e8s des cin\u00e9mas.<\/p>\n\n\n\n<div style=\"height:100px\" aria-hidden=\"true\" class=\"wp-block-spacer\"><\/div>\n\n\n\n<figure class=\"wp-block-gallery has-nested-images columns-default is-cropped wp-block-gallery-1 is-layout-flex wp-block-gallery-is-layout-flex\">\n<figure class=\"wp-block-image size-large\"><img loading=\"lazy\" decoding=\"async\" width=\"563\" height=\"800\" data-id=\"13750\" src=\"https:\/\/catholiques17.fr\/pontlabbesaintporchaire\/wp-content\/uploads\/sites\/38\/2025\/09\/Libres-recto-JPG-1.jpg\" alt=\"\" class=\"wp-image-13750\" srcset=\"https:\/\/catholiques17.fr\/pontlabbesaintporchaire\/wp-content\/uploads\/sites\/38\/2025\/09\/Libres-recto-JPG-1.jpg 563w, https:\/\/catholiques17.fr\/pontlabbesaintporchaire\/wp-content\/uploads\/sites\/38\/2025\/09\/Libres-recto-JPG-1-480x682.jpg 480w\" sizes=\"(min-width: 0px) and (max-width: 480px) 480px, (min-width: 481px) 563px, 100vw\" \/><\/figure>\n\n\n\n<figure class=\"wp-block-image size-large\"><img loading=\"lazy\" decoding=\"async\" width=\"627\" height=\"800\" data-id=\"13751\" src=\"https:\/\/catholiques17.fr\/pontlabbesaintporchaire\/wp-content\/uploads\/sites\/38\/2025\/09\/Libres-verso-JPG.jpg\" alt=\"\" class=\"wp-image-13751\" srcset=\"https:\/\/catholiques17.fr\/pontlabbesaintporchaire\/wp-content\/uploads\/sites\/38\/2025\/09\/Libres-verso-JPG.jpg 627w, https:\/\/catholiques17.fr\/pontlabbesaintporchaire\/wp-content\/uploads\/sites\/38\/2025\/09\/Libres-verso-JPG-480x612.jpg 480w\" sizes=\"(min-width: 0px) and (max-width: 480px) 480px, (min-width: 481px) 627px, 100vw\" \/><\/figure>\n<\/figure>\n\n\n\n<div style=\"height:100px\" aria-hidden=\"true\" class=\"wp-block-spacer\"><\/div>\n\n\n\n<figure class=\"wp-block-image size-full\"><img loading=\"lazy\" decoding=\"async\" width=\"800\" height=\"567\" src=\"https:\/\/catholiques17.fr\/pontlabbesaintporchaire\/wp-content\/uploads\/sites\/38\/2025\/09\/Programme-2025-2026-JPG.png\" alt=\"\" class=\"wp-image-13752\" srcset=\"https:\/\/catholiques17.fr\/pontlabbesaintporchaire\/wp-content\/uploads\/sites\/38\/2025\/09\/Programme-2025-2026-JPG.png 800w, https:\/\/catholiques17.fr\/pontlabbesaintporchaire\/wp-content\/uploads\/sites\/38\/2025\/09\/Programme-2025-2026-JPG-480x340.png 480w\" sizes=\"(min-width: 0px) and (max-width: 480px) 480px, (min-width: 481px) 800px, 100vw\" \/><\/figure>\n","protected":false},"excerpt":{"rendered":"<p>Le Festival chr\u00e9tien en Charente-Maritime invite la culture chr\u00e9tienne dans notre dioc\u00e8se, et revient avec une nouvelle programmation 2025-2026 riche de 4 \u00e9v\u00e8nements. Ceux-ci se d\u00e9rouleront d\u00e9sormais en pays-rochefortais et [&hellip;]<\/p>\n","protected":false},"author":63,"featured_media":13753,"comment_status":"open","ping_status":"open","sticky":false,"template":"","format":"standard","meta":{"_et_pb_use_builder":"off","_et_pb_old_content":"","_et_gb_content_width":"","footnotes":""},"categories":[6,24,23],"tags":[],"class_list":["post-13748","post","type-post","status-publish","format-standard","has-post-thumbnail","hentry","category-actualite","category-annonces","category-diocese"],"_links":{"self":[{"href":"https:\/\/catholiques17.fr\/pontlabbesaintporchaire\/wp-json\/wp\/v2\/posts\/13748","targetHints":{"allow":["GET"]}}],"collection":[{"href":"https:\/\/catholiques17.fr\/pontlabbesaintporchaire\/wp-json\/wp\/v2\/posts"}],"about":[{"href":"https:\/\/catholiques17.fr\/pontlabbesaintporchaire\/wp-json\/wp\/v2\/types\/post"}],"author":[{"embeddable":true,"href":"https:\/\/catholiques17.fr\/pontlabbesaintporchaire\/wp-json\/wp\/v2\/users\/63"}],"replies":[{"embeddable":true,"href":"https:\/\/catholiques17.fr\/pontlabbesaintporchaire\/wp-json\/wp\/v2\/comments?post=13748"}],"version-history":[{"count":1,"href":"https:\/\/catholiques17.fr\/pontlabbesaintporchaire\/wp-json\/wp\/v2\/posts\/13748\/revisions"}],"predecessor-version":[{"id":13754,"href":"https:\/\/catholiques17.fr\/pontlabbesaintporchaire\/wp-json\/wp\/v2\/posts\/13748\/revisions\/13754"}],"wp:featuredmedia":[{"embeddable":true,"href":"https:\/\/catholiques17.fr\/pontlabbesaintporchaire\/wp-json\/wp\/v2\/media\/13753"}],"wp:attachment":[{"href":"https:\/\/catholiques17.fr\/pontlabbesaintporchaire\/wp-json\/wp\/v2\/media?parent=13748"}],"wp:term":[{"taxonomy":"category","embeddable":true,"href":"https:\/\/catholiques17.fr\/pontlabbesaintporchaire\/wp-json\/wp\/v2\/categories?post=13748"},{"taxonomy":"post_tag","embeddable":true,"href":"https:\/\/catholiques17.fr\/pontlabbesaintporchaire\/wp-json\/wp\/v2\/tags?post=13748"}],"curies":[{"name":"wp","href":"https:\/\/api.w.org\/{rel}","templated":true}]}}