{"id":13533,"date":"2025-08-21T10:38:05","date_gmt":"2025-08-21T08:38:05","guid":{"rendered":"https:\/\/catholiques17.fr\/pontlabbesaintporchaire\/?p=13533"},"modified":"2025-08-21T10:39:49","modified_gmt":"2025-08-21T08:39:49","slug":"nomination-de-mgr-pierre-antoine-bozo-eveque-coadjuteur-de-la-rochelle","status":"publish","type":"post","link":"https:\/\/catholiques17.fr\/pontlabbesaintporchaire\/2025\/08\/21\/nomination-de-mgr-pierre-antoine-bozo-eveque-coadjuteur-de-la-rochelle\/","title":{"rendered":"Nomination de\u00a0Mgr Pierre-Antoine Bozo, \u00e9v\u00eaque coadjuteur de La Rochelle"},"content":{"rendered":"\n<div style=\"height:100px\" aria-hidden=\"true\" class=\"wp-block-spacer\"><\/div>\n\n\n\n<h3 class=\"wp-block-heading\">Le pape L\u00e9on XIV a nomm\u00e9 ce mardi 19 ao\u00fbt Mgr Pierre-Antoine Bozo \u00e9v\u00eaque coadjuteur de La Rochelle. Voici le message que Mgr Colomb, \u00e9v\u00eaque de La Rochelle et Saintes, adresse aux catholiques du dioc\u00e8se.<\/h3>\n\n\n\n<p>Chers amis catholiques et habitants du dioc\u00e8se de La Rochelle,<\/p>\n\n\n\n<p>Le Saint P\u00e8re a nomm\u00e9 Mgr Pierre-Antoine Bozo \u00e9v\u00eaque coadjuteur de La Rochelle. Je remercie mon confr\u00e8re, \u00e9v\u00eaque de Limoges depuis 2017, d\u2019avoir accept\u00e9 cette charge en quittant son dioc\u00e8se situ\u00e9 comme le n\u00f4tre dans la province de Poitiers. Mgr Bozo, avant son envoi \u00e0&nbsp; Limoges, avait d\u00e9j\u00e0 une longue et belle exp\u00e9rience de pasteur, d\u2019enseignant dans le dioc\u00e8se de S\u00e9ez et&nbsp; sa participation au Conseil Permanent de la Conf\u00e9rence \u00c9piscopale lui donne une connaissance des r\u00e9alit\u00e9s, des d\u00e9fis de notre \u00c9glise dans notre pays. Je suis persuad\u00e9 qu\u2019il saura mettre ses talents et son c\u0153ur au service de nos fr\u00e8res et s\u0153urs qui habitent en Charente-Maritime, au service de la mission, et qu\u2019il sera accueilli comme un fr\u00e8re et comme un \u00e9v\u00eaque.<\/p>\n\n\n\n<p>Mes remerciements s\u2019adressent aussi \u00e0&nbsp; Monseigneur Fran\u00e7ois Jacolin, \u00e9v\u00eaque de Lu\u00e7on qui administre le dioc\u00e8se depuis deux ans et avec lequel s\u2019est \u00e9tablie une relation de confiance pour le bien du dioc\u00e8se, pendant cette p\u00e9riode au cours de laquelle je me suis mis en retrait. Je sais qu\u2019il a beaucoup donn\u00e9, y compris de sa sant\u00e9, en cumulant deux charges importantes et qu\u2019il l\u2019a fait dans la discr\u00e9tion, l\u2019\u00e9coute de tous et la recherche de la communion.<\/p>\n\n\n\n<p>Que les martyrs des pontons de Rochefort,&nbsp; que nous v\u00e9n\u00e9rons particuli\u00e8rement en cette p\u00e9riode de l\u2019ann\u00e9e, interc\u00e8dent pour Mgr Bozo et Mgr Jacolin. Soyez assur\u00e9s, chers fr\u00e8res et s\u0153urs, de ma pri\u00e8re et de mes sentiments fraternels en Notre Seigneur J\u00e9sus Christ.<\/p>\n\n\n\n<p class=\"has-text-align-right\"><strong>+ Georges Colomb<br><\/strong>\u00c9v\u00eaque de La Rochelle et Saintes<br>Directeur National des O.P.M.<\/p>\n\n\n\n<div style=\"height:100px\" aria-hidden=\"true\" class=\"wp-block-spacer\"><\/div>\n\n\n\n<div class=\"wp-block-buttons is-content-justification-center is-layout-flex wp-container-core-buttons-is-layout-16018d1d wp-block-buttons-is-layout-flex\">\n<div class=\"wp-block-button\"><a class=\"wp-block-button__link wp-element-button\" href=\"https:\/\/www.rcf.fr\/articles\/actualite\/mgr-pierreantoine-bozo-nomme-eveque-coadjuteur-de-la-rochelle\" target=\"_blank\" rel=\"noreferrer noopener\">Pour plus d&rsquo;informations cliquez ici<\/a><\/div>\n\n\n\n<div class=\"wp-block-button\"><a class=\"wp-block-button__link wp-element-button\" href=\"https:\/\/catholiques17.fr\/mgr-pierre-antoine-bozo-nomme-eveque-coadjuteur-de-la-rochelle\/\" target=\"_blank\" rel=\"noreferrer noopener\">et cliquez l\u00e0<\/a><\/div>\n<\/div>\n","protected":false},"excerpt":{"rendered":"<p>Le pape L\u00e9on XIV a nomm\u00e9 ce mardi 19 ao\u00fbt Mgr Pierre-Antoine Bozo \u00e9v\u00eaque coadjuteur de La Rochelle. Voici le message que Mgr Colomb, \u00e9v\u00eaque de La Rochelle et Saintes, [&hellip;]<\/p>\n","protected":false},"author":63,"featured_media":13537,"comment_status":"open","ping_status":"open","sticky":false,"template":"","format":"standard","meta":{"_et_pb_use_builder":"off","_et_pb_old_content":"","_et_gb_content_width":"","footnotes":""},"categories":[6,24,23,49],"tags":[],"class_list":["post-13533","post","type-post","status-publish","format-standard","has-post-thumbnail","hentry","category-actualite","category-annonces","category-diocese","category-pape-leon-xiv-2"],"_links":{"self":[{"href":"https:\/\/catholiques17.fr\/pontlabbesaintporchaire\/wp-json\/wp\/v2\/posts\/13533","targetHints":{"allow":["GET"]}}],"collection":[{"href":"https:\/\/catholiques17.fr\/pontlabbesaintporchaire\/wp-json\/wp\/v2\/posts"}],"about":[{"href":"https:\/\/catholiques17.fr\/pontlabbesaintporchaire\/wp-json\/wp\/v2\/types\/post"}],"author":[{"embeddable":true,"href":"https:\/\/catholiques17.fr\/pontlabbesaintporchaire\/wp-json\/wp\/v2\/users\/63"}],"replies":[{"embeddable":true,"href":"https:\/\/catholiques17.fr\/pontlabbesaintporchaire\/wp-json\/wp\/v2\/comments?post=13533"}],"version-history":[{"count":2,"href":"https:\/\/catholiques17.fr\/pontlabbesaintporchaire\/wp-json\/wp\/v2\/posts\/13533\/revisions"}],"predecessor-version":[{"id":13538,"href":"https:\/\/catholiques17.fr\/pontlabbesaintporchaire\/wp-json\/wp\/v2\/posts\/13533\/revisions\/13538"}],"wp:featuredmedia":[{"embeddable":true,"href":"https:\/\/catholiques17.fr\/pontlabbesaintporchaire\/wp-json\/wp\/v2\/media\/13537"}],"wp:attachment":[{"href":"https:\/\/catholiques17.fr\/pontlabbesaintporchaire\/wp-json\/wp\/v2\/media?parent=13533"}],"wp:term":[{"taxonomy":"category","embeddable":true,"href":"https:\/\/catholiques17.fr\/pontlabbesaintporchaire\/wp-json\/wp\/v2\/categories?post=13533"},{"taxonomy":"post_tag","embeddable":true,"href":"https:\/\/catholiques17.fr\/pontlabbesaintporchaire\/wp-json\/wp\/v2\/tags?post=13533"}],"curies":[{"name":"wp","href":"https:\/\/api.w.org\/{rel}","templated":true}]}}