{"id":13512,"date":"2025-08-16T21:17:56","date_gmt":"2025-08-16T19:17:56","guid":{"rendered":"https:\/\/catholiques17.fr\/pontlabbesaintporchaire\/?p=13512"},"modified":"2025-08-16T21:17:58","modified_gmt":"2025-08-16T19:17:58","slug":"5-septembre-concert-des-voix-de-saintonge-a-20h30-a-saint-porchaire","status":"publish","type":"post","link":"https:\/\/catholiques17.fr\/pontlabbesaintporchaire\/2025\/08\/16\/5-septembre-concert-des-voix-de-saintonge-a-20h30-a-saint-porchaire\/","title":{"rendered":"5 septembre : concert des Voix de Saintonge \u00e0 20h30 \u00e0 Saint Porchaire"},"content":{"rendered":"\n<div style=\"height:100px\" aria-hidden=\"true\" class=\"wp-block-spacer\"><\/div>\n\n\n\n<p>Vendredi 5 septembre, \u00e0 20h30, concert des Voix de Saintonge dans l\u2019\u00e9glise de Saint Porchaire.<br>Entr\u00e9e libre, au profit de la paroisse. Nous comptons sur votre g\u00e9n\u00e9rosit\u00e9.<br>Pour plus d&rsquo;informations : 06 70 60 87 08.<\/p>\n","protected":false},"excerpt":{"rendered":"<p>Vendredi 5 septembre, \u00e0 20h30, concert des Voix de Saintonge dans l\u2019\u00e9glise de Saint Porchaire.Entr\u00e9e libre, au profit de la paroisse. Nous comptons sur votre g\u00e9n\u00e9rosit\u00e9.Pour plus d&rsquo;informations : 06 [&hellip;]<\/p>\n","protected":false},"author":63,"featured_media":13510,"comment_status":"open","ping_status":"open","sticky":false,"template":"","format":"standard","meta":{"_et_pb_use_builder":"off","_et_pb_old_content":"","_et_gb_content_width":"","footnotes":""},"categories":[6,24,35,44,33],"tags":[],"class_list":["post-13512","post","type-post","status-publish","format-standard","has-post-thumbnail","hentry","category-actualite","category-annonces","category-concert","category-convivialite","category-paroisse"],"_links":{"self":[{"href":"https:\/\/catholiques17.fr\/pontlabbesaintporchaire\/wp-json\/wp\/v2\/posts\/13512","targetHints":{"allow":["GET"]}}],"collection":[{"href":"https:\/\/catholiques17.fr\/pontlabbesaintporchaire\/wp-json\/wp\/v2\/posts"}],"about":[{"href":"https:\/\/catholiques17.fr\/pontlabbesaintporchaire\/wp-json\/wp\/v2\/types\/post"}],"author":[{"embeddable":true,"href":"https:\/\/catholiques17.fr\/pontlabbesaintporchaire\/wp-json\/wp\/v2\/users\/63"}],"replies":[{"embeddable":true,"href":"https:\/\/catholiques17.fr\/pontlabbesaintporchaire\/wp-json\/wp\/v2\/comments?post=13512"}],"version-history":[{"count":1,"href":"https:\/\/catholiques17.fr\/pontlabbesaintporchaire\/wp-json\/wp\/v2\/posts\/13512\/revisions"}],"predecessor-version":[{"id":13513,"href":"https:\/\/catholiques17.fr\/pontlabbesaintporchaire\/wp-json\/wp\/v2\/posts\/13512\/revisions\/13513"}],"wp:featuredmedia":[{"embeddable":true,"href":"https:\/\/catholiques17.fr\/pontlabbesaintporchaire\/wp-json\/wp\/v2\/media\/13510"}],"wp:attachment":[{"href":"https:\/\/catholiques17.fr\/pontlabbesaintporchaire\/wp-json\/wp\/v2\/media?parent=13512"}],"wp:term":[{"taxonomy":"category","embeddable":true,"href":"https:\/\/catholiques17.fr\/pontlabbesaintporchaire\/wp-json\/wp\/v2\/categories?post=13512"},{"taxonomy":"post_tag","embeddable":true,"href":"https:\/\/catholiques17.fr\/pontlabbesaintporchaire\/wp-json\/wp\/v2\/tags?post=13512"}],"curies":[{"name":"wp","href":"https:\/\/api.w.org\/{rel}","templated":true}]}}