{"id":13437,"date":"2025-08-01T15:21:43","date_gmt":"2025-08-01T13:21:43","guid":{"rendered":"https:\/\/catholiques17.fr\/pontlabbesaintporchaire\/?p=13437"},"modified":"2025-08-15T16:43:08","modified_gmt":"2025-08-15T14:43:08","slug":"pelerinage-a-la-gripperie-st-symphorien","status":"publish","type":"post","link":"https:\/\/catholiques17.fr\/pontlabbesaintporchaire\/2025\/08\/01\/pelerinage-a-la-gripperie-st-symphorien\/","title":{"rendered":"24 ao\u00fbt : p\u00e8lerinage \u00e0 la Gripperie \/ St Symphorien"},"content":{"rendered":"\n<div style=\"height:100px\" aria-hidden=\"true\" class=\"wp-block-spacer\"><\/div>\n\n\n\n<p>Dimanche 24 ao\u00fbt aura lieu un p\u00e8lerinage \u00e0 La Gripperie \/ St Symphorien avec messe unique \u00e0 10h30. <br>Apr\u00e8s la messe, la mairie offrira l\u2019ap\u00e9ritif. <br>La ferme de Brouage (La Gripperie \/ St Symphorien) offrira des crudit\u00e9s de sa production. <br>La ch\u00e8vrerie du pas de l\u2019\u00e2ne (Saint Jean d\u2019Angle) proposera des fromages de ch\u00e8vre en d\u00e9gustation. <br>Nous poursuivrons les festivit\u00e9s par un repas tir\u00e9 du sac.<\/p>\n","protected":false},"excerpt":{"rendered":"<p>Dimanche 24 ao\u00fbt aura lieu un p\u00e8lerinage \u00e0 La Gripperie \/ St Symphorien avec messe unique \u00e0 10h30. Apr\u00e8s la messe, la mairie offrira l\u2019ap\u00e9ritif. La ferme de Brouage (La [&hellip;]<\/p>\n","protected":false},"author":63,"featured_media":9667,"comment_status":"open","ping_status":"open","sticky":false,"template":"","format":"standard","meta":{"_et_pb_use_builder":"off","_et_pb_old_content":"","_et_gb_content_width":"","footnotes":""},"categories":[6,24,44,33,36],"tags":[],"class_list":["post-13437","post","type-post","status-publish","format-standard","has-post-thumbnail","hentry","category-actualite","category-annonces","category-convivialite","category-paroisse","category-pelerinage"],"_links":{"self":[{"href":"https:\/\/catholiques17.fr\/pontlabbesaintporchaire\/wp-json\/wp\/v2\/posts\/13437","targetHints":{"allow":["GET"]}}],"collection":[{"href":"https:\/\/catholiques17.fr\/pontlabbesaintporchaire\/wp-json\/wp\/v2\/posts"}],"about":[{"href":"https:\/\/catholiques17.fr\/pontlabbesaintporchaire\/wp-json\/wp\/v2\/types\/post"}],"author":[{"embeddable":true,"href":"https:\/\/catholiques17.fr\/pontlabbesaintporchaire\/wp-json\/wp\/v2\/users\/63"}],"replies":[{"embeddable":true,"href":"https:\/\/catholiques17.fr\/pontlabbesaintporchaire\/wp-json\/wp\/v2\/comments?post=13437"}],"version-history":[{"count":3,"href":"https:\/\/catholiques17.fr\/pontlabbesaintporchaire\/wp-json\/wp\/v2\/posts\/13437\/revisions"}],"predecessor-version":[{"id":13508,"href":"https:\/\/catholiques17.fr\/pontlabbesaintporchaire\/wp-json\/wp\/v2\/posts\/13437\/revisions\/13508"}],"wp:featuredmedia":[{"embeddable":true,"href":"https:\/\/catholiques17.fr\/pontlabbesaintporchaire\/wp-json\/wp\/v2\/media\/9667"}],"wp:attachment":[{"href":"https:\/\/catholiques17.fr\/pontlabbesaintporchaire\/wp-json\/wp\/v2\/media?parent=13437"}],"wp:term":[{"taxonomy":"category","embeddable":true,"href":"https:\/\/catholiques17.fr\/pontlabbesaintporchaire\/wp-json\/wp\/v2\/categories?post=13437"},{"taxonomy":"post_tag","embeddable":true,"href":"https:\/\/catholiques17.fr\/pontlabbesaintporchaire\/wp-json\/wp\/v2\/tags?post=13437"}],"curies":[{"name":"wp","href":"https:\/\/api.w.org\/{rel}","templated":true}]}}