{"id":13374,"date":"2025-07-11T14:01:16","date_gmt":"2025-07-11T12:01:16","guid":{"rendered":"https:\/\/catholiques17.fr\/pontlabbesaintporchaire\/?p=13374"},"modified":"2025-07-11T14:01:18","modified_gmt":"2025-07-11T12:01:18","slug":"retour-sur-le-rassemblement-enfants-de-dieu","status":"publish","type":"post","link":"https:\/\/catholiques17.fr\/pontlabbesaintporchaire\/2025\/07\/11\/retour-sur-le-rassemblement-enfants-de-dieu\/","title":{"rendered":"Retour sur le rassemblement Enfants de Dieu"},"content":{"rendered":"\n<div style=\"height:100px\" aria-hidden=\"true\" class=\"wp-block-spacer\"><\/div>\n\n\n\n<p>Le samedi 14 juin dernier, l\u2019abbaye de Sablonceaux a vibr\u00e9 au rythme des chants et des rires de pr\u00e8s de 400 participants lors du rassemblement dioc\u00e9sain \u00ab&nbsp;Enfants de Dieu&nbsp;\u00bb. A l\u2019initiative du P\u00f4le Annonce de la Foi, cette deuxi\u00e8me \u00e9dition (la pr\u00e9c\u00e9dente ayant eu lieu en 2023) a r\u00e9uni les enfants du cat\u00e9, de l\u2019\u00e9veil \u00e0 la Foi, leurs cat\u00e9chistes et \u00e9galement de nombreux parents.<\/p>\n\n\n\n<p>La journ\u00e9e a \u00e9t\u00e9 l\u2019occasion de partager des moments de convivialit\u00e9, de d\u00e9couvertes et de pri\u00e8re, autour de la figure de Saint Pierre : une belle proposition qui se voulait en lien avec l\u2019ann\u00e9e jubilaire !<\/p>\n\n\n\n<div style=\"height:100px\" aria-hidden=\"true\" class=\"wp-block-spacer\"><\/div>\n\n\n\n<div class=\"wp-block-buttons is-content-justification-center is-layout-flex wp-container-core-buttons-is-layout-16018d1d wp-block-buttons-is-layout-flex\">\n<div class=\"wp-block-button\"><a class=\"wp-block-button__link wp-element-button\" href=\"https:\/\/catholiques17.fr\/retour-sur-le-rassemblement-enfants-de-dieu\/\" target=\"_blank\" rel=\"noreferrer noopener\">Pour plus d&rsquo;informations<\/a><\/div>\n<\/div>\n","protected":false},"excerpt":{"rendered":"<p>Le samedi 14 juin dernier, l\u2019abbaye de Sablonceaux a vibr\u00e9 au rythme des chants et des rires de pr\u00e8s de 400 participants lors du rassemblement dioc\u00e9sain \u00ab&nbsp;Enfants de Dieu&nbsp;\u00bb. A [&hellip;]<\/p>\n","protected":false},"author":63,"featured_media":13375,"comment_status":"open","ping_status":"open","sticky":false,"template":"","format":"standard","meta":{"_et_pb_use_builder":"off","_et_pb_old_content":"","_et_gb_content_width":"","footnotes":""},"categories":[6,24,44,23,37],"tags":[],"class_list":["post-13374","post","type-post","status-publish","format-standard","has-post-thumbnail","hentry","category-actualite","category-annonces","category-convivialite","category-diocese","category-enfants"],"_links":{"self":[{"href":"https:\/\/catholiques17.fr\/pontlabbesaintporchaire\/wp-json\/wp\/v2\/posts\/13374","targetHints":{"allow":["GET"]}}],"collection":[{"href":"https:\/\/catholiques17.fr\/pontlabbesaintporchaire\/wp-json\/wp\/v2\/posts"}],"about":[{"href":"https:\/\/catholiques17.fr\/pontlabbesaintporchaire\/wp-json\/wp\/v2\/types\/post"}],"author":[{"embeddable":true,"href":"https:\/\/catholiques17.fr\/pontlabbesaintporchaire\/wp-json\/wp\/v2\/users\/63"}],"replies":[{"embeddable":true,"href":"https:\/\/catholiques17.fr\/pontlabbesaintporchaire\/wp-json\/wp\/v2\/comments?post=13374"}],"version-history":[{"count":1,"href":"https:\/\/catholiques17.fr\/pontlabbesaintporchaire\/wp-json\/wp\/v2\/posts\/13374\/revisions"}],"predecessor-version":[{"id":13376,"href":"https:\/\/catholiques17.fr\/pontlabbesaintporchaire\/wp-json\/wp\/v2\/posts\/13374\/revisions\/13376"}],"wp:featuredmedia":[{"embeddable":true,"href":"https:\/\/catholiques17.fr\/pontlabbesaintporchaire\/wp-json\/wp\/v2\/media\/13375"}],"wp:attachment":[{"href":"https:\/\/catholiques17.fr\/pontlabbesaintporchaire\/wp-json\/wp\/v2\/media?parent=13374"}],"wp:term":[{"taxonomy":"category","embeddable":true,"href":"https:\/\/catholiques17.fr\/pontlabbesaintporchaire\/wp-json\/wp\/v2\/categories?post=13374"},{"taxonomy":"post_tag","embeddable":true,"href":"https:\/\/catholiques17.fr\/pontlabbesaintporchaire\/wp-json\/wp\/v2\/tags?post=13374"}],"curies":[{"name":"wp","href":"https:\/\/api.w.org\/{rel}","templated":true}]}}