{"id":13352,"date":"2025-07-08T11:24:39","date_gmt":"2025-07-08T09:24:39","guid":{"rendered":"https:\/\/catholiques17.fr\/pontlabbesaintporchaire\/?p=13352"},"modified":"2025-07-10T17:09:27","modified_gmt":"2025-07-10T15:09:27","slug":"veillee-jubilaire-chantons-notre-esperance","status":"publish","type":"post","link":"https:\/\/catholiques17.fr\/pontlabbesaintporchaire\/2025\/07\/08\/veillee-jubilaire-chantons-notre-esperance\/","title":{"rendered":"Veill\u00e9e jubilaire \u00ab\u00a0Chantons notre esp\u00e9rance\u00a0!\u00a0\u00bb"},"content":{"rendered":"\n<div style=\"height:100px\" aria-hidden=\"true\" class=\"wp-block-spacer\"><\/div>\n\n\n\n<p class=\"has-text-align-center\"><strong>Veill\u00e9e jubilaire <\/strong><strong>\u00ab&nbsp;Chantons notre esp\u00e9rance&nbsp;!&nbsp;\u00bb<\/strong><\/p>\n\n\n\n<p>A l\u2019occasion du Jubil\u00e9, le chanteur chr\u00e9tien Laurent Grzybowski viendra animer la messe et une veill\u00e9e de pri\u00e8re, et donnera un t\u00e9moignage \u00e0 :<\/p>\n\n\n\n<p class=\"has-text-align-center\"><strong>L&rsquo;\u00e9glise de Saint-Porchaire <\/strong><strong>le 26 juillet 2025, messe \u00e0 18h suivie de la veill\u00e9e \u00e0 19h<\/strong><\/p>\n\n\n\n<p>Bien connu des assembl\u00e9es paroissiales et des mouvements catholiques, cet auteur compositeur qui a \u00e9crit de nombreux chants pour la liturgie ne vient pas se produire en concert.&nbsp;Il&nbsp;vient t\u00e9moigner de ce qui l&rsquo;habite et partager sa foi&nbsp;en chansons,&nbsp;accompagn\u00e9 de sa guitare, d\u2019un pianiste et de quelques percussions.<\/p>\n\n\n\n<p>Dans cette rencontre chantante, Laurent Grzybowski&nbsp;propose avant tout une exp\u00e9rience : celle du&nbsp;bonheur de chanter et de prier ensemble, tous \u00e2ges confondus&nbsp;! Chanter pour vivre, pour rester debout, pour r\u00e9sister \u00e0 toutes formes de sinistrose. Chanter pour la paix en Ukraine et au Proche-Orient. Chanter notre esp\u00e9rance en un monde meilleur.<\/p>\n\n\n\n<p><em>\u00ab&nbsp;Mieux vaut allumer une lampe que maudire l\u2019obscurit\u00e9&nbsp;\u00bb.<\/em> Cette veill\u00e9e \u00e0 la fois priante et festive sera l&rsquo;occasion d&rsquo;une belle soir\u00e9e en famille avec les grands-parents, les parents, les jeunes et les petits-enfants, toutes g\u00e9n\u00e9rations confondues. Un grand moment de joie et d\u2019esp\u00e9rance&nbsp;!<\/p>\n\n\n\n<p class=\"has-text-align-center\"><strong>Entr\u00e9e libre &#8211; Libre participation aux frais &#8211; Vente de CD<\/strong><\/p>\n\n\n\n<p>Au cours de la soir\u00e9e, nous reprendrons le chant compos\u00e9 sp\u00e9cialement par Laurent Grzybowski pour le Jubil\u00e9 : <a href=\"https:\/\/www.youtube.com\/watch?v=8okoB1f9hRk\">P\u00e8lerins de l&rsquo;esp\u00e9rance<\/a>. N&rsquo;h\u00e9sitez pas \u00e0 le reprendre d\u00e8s maintenant dans votre paroisse (cliquez sur <a href=\"https:\/\/www.youtube.com\/watch?v=8okoB1f9hRk\">ce lien<\/a> pour avoir la version YouTube).<\/p>\n","protected":false},"excerpt":{"rendered":"<p>Veill\u00e9e jubilaire \u00ab&nbsp;Chantons notre esp\u00e9rance&nbsp;!&nbsp;\u00bb A l\u2019occasion du Jubil\u00e9, le chanteur chr\u00e9tien Laurent Grzybowski viendra animer la messe et une veill\u00e9e de pri\u00e8re, et donnera un t\u00e9moignage \u00e0 : L&rsquo;\u00e9glise [&hellip;]<\/p>\n","protected":false},"author":63,"featured_media":13361,"comment_status":"open","ping_status":"open","sticky":false,"template":"","format":"standard","meta":{"_et_pb_use_builder":"off","_et_pb_old_content":"","_et_gb_content_width":"","footnotes":""},"categories":[6,24,35,23,33],"tags":[],"class_list":["post-13352","post","type-post","status-publish","format-standard","has-post-thumbnail","hentry","category-actualite","category-annonces","category-concert","category-diocese","category-paroisse"],"_links":{"self":[{"href":"https:\/\/catholiques17.fr\/pontlabbesaintporchaire\/wp-json\/wp\/v2\/posts\/13352","targetHints":{"allow":["GET"]}}],"collection":[{"href":"https:\/\/catholiques17.fr\/pontlabbesaintporchaire\/wp-json\/wp\/v2\/posts"}],"about":[{"href":"https:\/\/catholiques17.fr\/pontlabbesaintporchaire\/wp-json\/wp\/v2\/types\/post"}],"author":[{"embeddable":true,"href":"https:\/\/catholiques17.fr\/pontlabbesaintporchaire\/wp-json\/wp\/v2\/users\/63"}],"replies":[{"embeddable":true,"href":"https:\/\/catholiques17.fr\/pontlabbesaintporchaire\/wp-json\/wp\/v2\/comments?post=13352"}],"version-history":[{"count":1,"href":"https:\/\/catholiques17.fr\/pontlabbesaintporchaire\/wp-json\/wp\/v2\/posts\/13352\/revisions"}],"predecessor-version":[{"id":13355,"href":"https:\/\/catholiques17.fr\/pontlabbesaintporchaire\/wp-json\/wp\/v2\/posts\/13352\/revisions\/13355"}],"wp:featuredmedia":[{"embeddable":true,"href":"https:\/\/catholiques17.fr\/pontlabbesaintporchaire\/wp-json\/wp\/v2\/media\/13361"}],"wp:attachment":[{"href":"https:\/\/catholiques17.fr\/pontlabbesaintporchaire\/wp-json\/wp\/v2\/media?parent=13352"}],"wp:term":[{"taxonomy":"category","embeddable":true,"href":"https:\/\/catholiques17.fr\/pontlabbesaintporchaire\/wp-json\/wp\/v2\/categories?post=13352"},{"taxonomy":"post_tag","embeddable":true,"href":"https:\/\/catholiques17.fr\/pontlabbesaintporchaire\/wp-json\/wp\/v2\/tags?post=13352"}],"curies":[{"name":"wp","href":"https:\/\/api.w.org\/{rel}","templated":true}]}}