{"id":13318,"date":"2025-06-27T23:19:33","date_gmt":"2025-06-27T21:19:33","guid":{"rendered":"https:\/\/catholiques17.fr\/pontlabbesaintporchaire\/?p=13318"},"modified":"2025-06-27T23:20:05","modified_gmt":"2025-06-27T21:20:05","slug":"polyphonies-corses","status":"publish","type":"post","link":"https:\/\/catholiques17.fr\/pontlabbesaintporchaire\/2025\/06\/27\/polyphonies-corses\/","title":{"rendered":"Concert Polyphonies Corses"},"content":{"rendered":"\n<div style=\"height:100px\" aria-hidden=\"true\" class=\"wp-block-spacer\"><\/div>\n\n\n\n<p>Le 17 juillet \u00e0 20h \u00e0 l&rsquo;\u00e9glise Saint-Pierre de Pont l&rsquo;Abb\u00e9, concert des Polyphonies Corses par Jean-Paul Poletti, le ch\u0153ur de Sartene et le ch\u0153ur Les voix de Saintonge. Entr\u00e9e \u00e0 20\u20ac, contact et r\u00e9servations : voir d\u00e9tails en bas de l&rsquo;affiche.<\/p>\n","protected":false},"excerpt":{"rendered":"<p>Le 17 juillet \u00e0 20h \u00e0 l&rsquo;\u00e9glise Saint-Pierre de Pont l&rsquo;Abb\u00e9, concert des Polyphonies Corses par Jean-Paul Poletti, le ch\u0153ur de Sartene et le ch\u0153ur Les voix de Saintonge. Entr\u00e9e [&hellip;]<\/p>\n","protected":false},"author":63,"featured_media":13316,"comment_status":"open","ping_status":"open","sticky":false,"template":"","format":"standard","meta":{"_et_pb_use_builder":"off","_et_pb_old_content":"","_et_gb_content_width":"","footnotes":""},"categories":[6,24,35,44,23,33],"tags":[],"class_list":["post-13318","post","type-post","status-publish","format-standard","has-post-thumbnail","hentry","category-actualite","category-annonces","category-concert","category-convivialite","category-diocese","category-paroisse"],"_links":{"self":[{"href":"https:\/\/catholiques17.fr\/pontlabbesaintporchaire\/wp-json\/wp\/v2\/posts\/13318","targetHints":{"allow":["GET"]}}],"collection":[{"href":"https:\/\/catholiques17.fr\/pontlabbesaintporchaire\/wp-json\/wp\/v2\/posts"}],"about":[{"href":"https:\/\/catholiques17.fr\/pontlabbesaintporchaire\/wp-json\/wp\/v2\/types\/post"}],"author":[{"embeddable":true,"href":"https:\/\/catholiques17.fr\/pontlabbesaintporchaire\/wp-json\/wp\/v2\/users\/63"}],"replies":[{"embeddable":true,"href":"https:\/\/catholiques17.fr\/pontlabbesaintporchaire\/wp-json\/wp\/v2\/comments?post=13318"}],"version-history":[{"count":2,"href":"https:\/\/catholiques17.fr\/pontlabbesaintporchaire\/wp-json\/wp\/v2\/posts\/13318\/revisions"}],"predecessor-version":[{"id":13321,"href":"https:\/\/catholiques17.fr\/pontlabbesaintporchaire\/wp-json\/wp\/v2\/posts\/13318\/revisions\/13321"}],"wp:featuredmedia":[{"embeddable":true,"href":"https:\/\/catholiques17.fr\/pontlabbesaintporchaire\/wp-json\/wp\/v2\/media\/13316"}],"wp:attachment":[{"href":"https:\/\/catholiques17.fr\/pontlabbesaintporchaire\/wp-json\/wp\/v2\/media?parent=13318"}],"wp:term":[{"taxonomy":"category","embeddable":true,"href":"https:\/\/catholiques17.fr\/pontlabbesaintporchaire\/wp-json\/wp\/v2\/categories?post=13318"},{"taxonomy":"post_tag","embeddable":true,"href":"https:\/\/catholiques17.fr\/pontlabbesaintporchaire\/wp-json\/wp\/v2\/tags?post=13318"}],"curies":[{"name":"wp","href":"https:\/\/api.w.org\/{rel}","templated":true}]}}