{"id":13308,"date":"2025-06-27T22:47:15","date_gmt":"2025-06-27T20:47:15","guid":{"rendered":"https:\/\/catholiques17.fr\/pontlabbesaintporchaire\/?p=13308"},"modified":"2025-07-01T08:05:14","modified_gmt":"2025-07-01T06:05:14","slug":"festival-chretien-du-pays-rochefortais-cite-sanctuaire-port-des-barques","status":"publish","type":"post","link":"https:\/\/catholiques17.fr\/pontlabbesaintporchaire\/2025\/06\/27\/festival-chretien-du-pays-rochefortais-cite-sanctuaire-port-des-barques\/","title":{"rendered":"Festival chr\u00e9tien du pays rochefortais Cit\u00e9 sanctuaire &#8211; Port des Barques"},"content":{"rendered":"\n<div style=\"height:100px\" aria-hidden=\"true\" class=\"wp-block-spacer\"><\/div>\n\n\n\n<p>Le samedi 5 juillet se d\u00e9roulera le festival chr\u00e9tien \u00e0 la cit\u00e9 sanctuaire de Port des Barques.<\/p>\n\n\n\n<p>. Cet \u00e9v\u00e8nement est coorganis\u00e9 par le Festival chr\u00e9tien du pays-rochefortais avec toutes les paroisses du pays-rochefortais : Fouras, Pont l&rsquo;Abb\u00e9 et Saint Porchaire, Rochefort, Saint-Agnant, Tonnay-Charente.\u00a0\u00a0<\/p>\n\n\n\n<p>. Nous commencerons \u00e0 17h00 avec un concert de louanges, \u00ab\u00a0Quand nos c\u0153urs s&rsquo;enflamment\u00a0\u00bb, anim\u00e9 par le couple talentueux de chanteurs et musiciens de Rochefort ; Marie-Noelle et Samuel Lastere.<\/p>\n\n\n\n<p>Ceux qui veulent chanter, sauter, danser le pourront. Ceux qui pr\u00e9f\u00e8rent \u00eatre assis \u00e0 l&rsquo;ombre le pourront aussi !<\/p>\n\n\n\n<p>. A partir de 18h00 nous aurons un ap\u00e9ritif offert par les paroisses (donc doublement meilleur !).<\/p>\n\n\n\n<p>. A partir de 19h00 nous aurons un repas convivial, payant, au prix de 15.00 \u20ac (pensez \u00e0 apporter vos couverts).<\/p>\n\n\n\n<p>Au menu nous aurons : melon, tr\u00e8s bonne pa\u00eblla, tartes aux fruits, boissons, caf\u00e9 et th\u00e9 !<\/p>\n\n\n\n<p>Nous ajoutons un grand tivoli pour d\u00eener \u00e0 l&rsquo;ombre.<\/p>\n\n\n\n<p>Ceux qui ne veulent pas prendre le repas pourrons pique-niquer.<\/p>\n\n\n\n<p>. A partir de 21h00 nous aurons l&rsquo;intervention de S\u00e9bastien Cassen, originaire de Saintes, et r\u00e9alisateur du documentaire \u00ab\u00a0Les oubli\u00e9s de l&rsquo;Ile\u00a0\u00bb.<\/p>\n\n\n\n<p>Ce documentaire que nous projetterons nous raconte l&rsquo;histoire des pr\u00eatres r\u00e9fractaires qui sous la R\u00e9volution ont \u00e9t\u00e9 massivement d\u00e9port\u00e9s \u00e0 Rochefort puis \u00e0 l&rsquo;Ile Madame. Nous sommes donc sur les lieux m\u00eame du drame.&nbsp;Ce documentaire a \u00e9t\u00e9 plusieurs fois prim\u00e9s.<\/p>\n\n\n\n<p>La projection sera de 21h30 \u00e0 22h30 environ.<\/p>\n\n\n\n<div style=\"height:100px\" aria-hidden=\"true\" class=\"wp-block-spacer\"><\/div>\n\n\n\n<div class=\"wp-block-buttons is-content-justification-center is-layout-flex wp-container-core-buttons-is-layout-16018d1d wp-block-buttons-is-layout-flex\">\n<div class=\"wp-block-button\"><a class=\"wp-block-button__link wp-element-button\" href=\"https:\/\/paroissederochefort.fr\/2025\/06\/23\/cloture-de-la-saison-3-un-grand-temps-fort-a-la-cite-sanctuaire-de-port-des-barques\/\" target=\"_blank\" rel=\"noreferrer noopener nofollow\">Pour plus d&rsquo;informations cliquez l\u00e0<\/a><\/div>\n\n\n\n<div class=\"wp-block-button\"><a class=\"wp-block-button__link wp-element-button\" href=\"https:\/\/catholiques17.fr\/les-oublies-de-lile-a-lile-madame-decouvrez-le-martyre-des-pretres-deportes\/\" target=\"_blank\" rel=\"noreferrer noopener nofollow\">Et ici<\/a><\/div>\n<\/div>\n","protected":false},"excerpt":{"rendered":"<p>Le samedi 5 juillet se d\u00e9roulera le festival chr\u00e9tien \u00e0 la cit\u00e9 sanctuaire de Port des Barques. . Cet \u00e9v\u00e8nement est coorganis\u00e9 par le Festival chr\u00e9tien du pays-rochefortais avec toutes [&hellip;]<\/p>\n","protected":false},"author":63,"featured_media":13305,"comment_status":"open","ping_status":"open","sticky":false,"template":"","format":"standard","meta":{"_et_pb_use_builder":"off","_et_pb_old_content":"","_et_gb_content_width":"","footnotes":""},"categories":[6,24,35,23],"tags":[],"class_list":["post-13308","post","type-post","status-publish","format-standard","has-post-thumbnail","hentry","category-actualite","category-annonces","category-concert","category-diocese"],"_links":{"self":[{"href":"https:\/\/catholiques17.fr\/pontlabbesaintporchaire\/wp-json\/wp\/v2\/posts\/13308","targetHints":{"allow":["GET"]}}],"collection":[{"href":"https:\/\/catholiques17.fr\/pontlabbesaintporchaire\/wp-json\/wp\/v2\/posts"}],"about":[{"href":"https:\/\/catholiques17.fr\/pontlabbesaintporchaire\/wp-json\/wp\/v2\/types\/post"}],"author":[{"embeddable":true,"href":"https:\/\/catholiques17.fr\/pontlabbesaintporchaire\/wp-json\/wp\/v2\/users\/63"}],"replies":[{"embeddable":true,"href":"https:\/\/catholiques17.fr\/pontlabbesaintporchaire\/wp-json\/wp\/v2\/comments?post=13308"}],"version-history":[{"count":4,"href":"https:\/\/catholiques17.fr\/pontlabbesaintporchaire\/wp-json\/wp\/v2\/posts\/13308\/revisions"}],"predecessor-version":[{"id":13329,"href":"https:\/\/catholiques17.fr\/pontlabbesaintporchaire\/wp-json\/wp\/v2\/posts\/13308\/revisions\/13329"}],"wp:featuredmedia":[{"embeddable":true,"href":"https:\/\/catholiques17.fr\/pontlabbesaintporchaire\/wp-json\/wp\/v2\/media\/13305"}],"wp:attachment":[{"href":"https:\/\/catholiques17.fr\/pontlabbesaintporchaire\/wp-json\/wp\/v2\/media?parent=13308"}],"wp:term":[{"taxonomy":"category","embeddable":true,"href":"https:\/\/catholiques17.fr\/pontlabbesaintporchaire\/wp-json\/wp\/v2\/categories?post=13308"},{"taxonomy":"post_tag","embeddable":true,"href":"https:\/\/catholiques17.fr\/pontlabbesaintporchaire\/wp-json\/wp\/v2\/tags?post=13308"}],"curies":[{"name":"wp","href":"https:\/\/api.w.org\/{rel}","templated":true}]}}